{"id":658,"date":"2022-01-03T16:41:27","date_gmt":"2022-01-03T16:41:27","guid":{"rendered":"https:\/\/feelcaboverde.com\/?p=658"},"modified":"2026-01-07T00:39:05","modified_gmt":"2026-01-07T00:39:05","slug":"melhor-ilha-de-cabo-verde","status":"publish","type":"post","link":"https:\/\/feelcaboverde.com\/fr\/meilleure-ile-du-cap-vert\/","title":{"rendered":"Les meilleures \u00eeles du Cap-Vert \u00e0 visiter en 2026 pour des vacances inoubliables (avec photos originales)"},"content":{"rendered":"<div data-elementor-type=\"wp-post\" data-elementor-id=\"658\" class=\"elementor elementor-658\">\n\t\t\t\t\t\t\t\t\t<section data-particle_enable=\"false\" data-particle-mobile-disabled=\"false\" class=\"elementor-section elementor-top-section elementor-element elementor-element-4e1aef43 elementor-section-boxed elementor-section-height-default elementor-section-height-default\" data-id=\"4e1aef43\" data-element_type=\"section\">\n\t\t\t\t\t\t<div class=\"elementor-container elementor-column-gap-default\">\n\t\t\t\t\t<div class=\"elementor-column elementor-col-100 elementor-top-column elementor-element elementor-element-194c8581\" data-id=\"194c8581\" data-element_type=\"column\">\n\t\t\t<div class=\"elementor-widget-wrap elementor-element-populated\">\n\t\t\t\t\t\t\t\t<div class=\"elementor-element elementor-element-312021a4 elementor-widget elementor-widget-text-editor\" data-id=\"312021a4\" data-element_type=\"widget\" data-widget_type=\"text-editor.default\">\n\t\t\t\t<div class=\"elementor-widget-container\">\n\t\t\t<style>\/*! elementor - v3.7.1 - 14-08-2022 *\/\n.elementor-widget-text-editor.elementor-drop-cap-view-stacked .elementor-drop-cap{background-color:#818a91;color:#fff}.elementor-widget-text-editor.elementor-drop-cap-view-framed .elementor-drop-cap{color:#818a91;border:3px solid;background-color:transparent}.elementor-widget-text-editor:not(.elementor-drop-cap-view-default) .elementor-drop-cap{margin-top:8px}.elementor-widget-text-editor:not(.elementor-drop-cap-view-default) .elementor-drop-cap-letter{width:1em;height:1em}.elementor-widget-text-editor .elementor-drop-cap{float:left;text-align:center;line-height:1;font-size:50px}.elementor-widget-text-editor .elementor-drop-cap-letter{display:inline-block}<\/style>\t\t\t\t<p>On nous demande souvent : \"Quelle est la meilleure \u00eele \u00e0 visiter au Cap-Vert ?\".<\/p><p>Il est impossible de donner une r\u00e9ponse simpliste \u00e0 cette question, car cela d\u00e9pend beaucoup du profil de la personne et de ce qu'elle souhaite faire lors d'un voyage dans l'archipel du Cap-Vert.<\/p><p>Certaines caract\u00e9ristiques sont communes \u00e0 toutes les \u00eeles, comme la morabeza du peuple cap-verdien (un caract\u00e8re accueillant et affable), les zones c\u00f4ti\u00e8res spectaculaires, certains traits gastronomiques, le profil d\u00e9contract\u00e9 des habitants et le soleil - beaucoup de soleil, tout au long de l'ann\u00e9e !<\/p><p>Cependant, malgr\u00e9 les traits communs, les \u00eeles sont distinctes les unes des autres, tant par leur morphologie que par les habitudes et les traditions locales.<\/p><p>En tenant compte des particularit\u00e9s de chaque \u00eele, nous avons cr\u00e9\u00e9 cet article pour vous aider \u00e0 d\u00e9cider o\u00f9 commencer votre aventure au Cap-Vert.<\/p><p>Les sections suivantes expliquent en d\u00e9tail quelle \u00eele du Cap-Vert convient le mieux \u00e0 diff\u00e9rents profils et objectifs.<\/p><h3><strong>1. La meilleure \u00eele du Cap-Vert pour les amateurs de plage et de soleil<\/strong><\/h3><p>Sans aucun doute, <b>les meilleures \u00eeles du Cap-Vert pour ceux qui souhaitent profiter de longues plages de sable blanc et d'eaux limpides sont Sal et Boa Vista.<\/b>.<br \/><b><\/b><\/p><figure id=\"attachment_3723\" aria-describedby=\"caption-attachment-3723\" style=\"width: 2560px\" class=\"wp-caption alignnone\"><img decoding=\"async\" src=\"http:\/\/feelcaboverde.com\/wp-content\/uploads\/2023\/01\/1-IMG_20210519_131339-scaled.jpg\" alt=\"Plage de Santa Maria avec une eau cristalline et du sable blanc\" width=\"2560\" height=\"1920\" \/><figcaption id=\"caption-attachment-3723\" class=\"wp-caption-text\">Plage de Santa Maria, \u00eele de Sal<\/figcaption><\/figure><p><span style=\"font-weight: 400;\">Ces \u00eeles sont arides et ont une pluviom\u00e9trie annuelle tr\u00e8s faible, c'est-\u00e0-dire du soleil toute l'ann\u00e9e!<\/span><\/p><figure id=\"attachment_3728\" aria-describedby=\"caption-attachment-3728\" style=\"width: 2560px\" class=\"wp-caption alignnone\"><img decoding=\"async\" src=\"http:\/\/feelcaboverde.com\/wp-content\/uploads\/2023\/01\/2-IMG_20210522_123434-scaled.jpg\" alt=\"\" width=\"2560\" height=\"1920\" \/><figcaption id=\"caption-attachment-3728\" class=\"wp-caption-text\">Plage de Santa M\u00f3nica, \u00eele de Boa Vista<\/figcaption><\/figure><p><span style=\"font-weight: 400;\">\u00a0<\/span><\/p><p><span style=\"font-weight: 400;\">L'acc\u00e8s aux \u00eeles de Sal et de Boa Vista est facile, car elles disposent toutes deux d'a\u00e9roports internationaux avec des vols directs en provenance de divers pays d'Europe et d'autres continents.\u00a0<\/span><\/p><ul><li style=\"font-weight: 400;\" aria-level=\"1\"><span style=\"font-weight: 400;\">Sal: A\u00e9roport international Am\u00edlcar Cabral (SID)<\/span><\/li><li style=\"font-weight: 400;\" aria-level=\"1\"><span style=\"font-weight: 400;\">Boa Vista : A\u00e9roport international Aristides Pereira (BVC)<\/span><\/li><\/ul><p><span style=\"font-weight: 400;\">\u00a0<\/span><\/p><p><span style=\"font-weight: 400;\">Les liaisons avec les autres \u00eeles du pays \u00e0 partir de Sal et Boa Vista se font par voie a\u00e9rienne et maritime.<\/span><\/p><p><span style=\"color: var( --e-global-color-text ); font-family: var( --e-global-typography-text-font-family ), Sans-serif; text-align: var(--text-align); font-size: 1rem;\">En raison du grand nombre de touristes, l'infrastructure h\u00f4teli\u00e8re \u00e0 Sal et Boa Vista est tr\u00e8s bonne, avec des options allant des h\u00f4tels de luxe aux auberges et pensions confortables, ainsi que des restaurants pour tous les go\u00fbts.\u00a0<\/span><\/p><p><span style=\"color: var( --e-global-color-text ); font-family: var( --e-global-typography-text-font-family ), Sans-serif; text-align: var(--text-align); font-size: 1rem;\">\u00a0<\/span><\/p><h3><b>2. La meilleure \u00eele du Cap-Vert pour les plages d\u00e9sertes<\/b><\/h3><p><b>Maio est la meilleure \u00eele du Cap-Vert pour ceux qui souhaitent profiter de belles plages tout en \u00e9vitant les lieux touristiques habituels.<\/b><span style=\"font-weight: 400;\">.\u00a0<\/span><\/p><figure id=\"attachment_3729\" aria-describedby=\"caption-attachment-3729\" style=\"width: 2560px\" class=\"wp-caption alignnone\"><img decoding=\"async\" src=\"http:\/\/feelcaboverde.com\/wp-content\/uploads\/2023\/01\/3-IMG_20211023_144329-scaled.jpg\" alt=\"\" width=\"2560\" height=\"1920\" \/><figcaption id=\"caption-attachment-3729\" class=\"wp-caption-text\">\u00cele de Maio<\/figcaption><\/figure><p><span style=\"font-weight: 400;\">\u00a0<\/span><\/p><p><span style=\"font-weight: 400;\">L'\u00eele de Maio est l'une des plus petites du Cap-Vert, avec une population de seulement 6 330 habitants. Bien qu'elle soit moins touristique, l'\u00eele propose d\u00e9j\u00e0 de bonnes options d'h\u00e9bergement, y compris des h\u00f4tels, des pensions et des appartements.\u00a0<\/span><\/p><p><span style=\"font-weight: 400;\">Maio est \u00e9galement un hotspot de biodiversit\u00e9, ce qui en fait un excellent choix pour l'observation des oiseaux marins, des tortues, ainsi que pour le snorkeling, la plong\u00e9e et d'autres activit\u00e9s aquatiques.\u00a0<\/span><\/p><p><span style=\"font-weight: 400;\">La zone rurale m\u00e9rite \u00e9galement une visite. Elle comprend des villages paisibles (Calheta, Morro, Morrinho, Figueira da Horta, Pil\u00e3o C\u00e3o, Ribeira de Dom Jo\u00e3o, Alcatraz, Barreiro, etc.), certaines des plus charmantes petites \u00e9glises de l'archipel, ainsi que le Parc Naturel du Nord de Maio, le plus grand p\u00e9rim\u00e8tre forestier du Cap-Vert.<\/span><\/p><figure id=\"attachment_3759\" aria-describedby=\"caption-attachment-3759\" style=\"width: 2560px\" class=\"wp-caption alignnone\"><img decoding=\"async\" src=\"http:\/\/feelcaboverde.com\/wp-content\/uploads\/2022\/01\/IMG_20211023_111429-scaled.jpg\" alt=\"\" width=\"2560\" height=\"1920\" \/><figcaption id=\"caption-attachment-3759\" class=\"wp-caption-text\">Maison color\u00e9e dans un village de l'\u00eele de Maio<\/figcaption><\/figure><p><span style=\"font-weight: 400;\">\u00a0<\/span><\/p><p><span style=\"font-weight: 400;\">L'\u00eele de Maio est accessible depuis la capitale du pays, Praia, en moins de 30 minutes en avion ou environ 2 heures en bateau.\u00a0<\/span><\/p><p><span style=\"font-weight: 400;\">\u00a0<\/span><\/p><h3><b>3. La meilleure \u00eele du Cap-Vert pour le tourisme de montagne<\/b><\/h3><p><span style=\"font-weight: 400;\">La <\/span><b>meilleure \u00eele du Cap-Vert pour la randonn\u00e9e en montagne est, sans aucun doute, Santo Ant\u00e3o,<\/b><span style=\"font-weight: 400;\">connue \u00e0 juste titre comme l'\u00eele des montagnes.\u00a0<\/span><\/p><figure id=\"attachment_3734\" aria-describedby=\"caption-attachment-3734\" style=\"width: 2560px\" class=\"wp-caption alignnone\"><img decoding=\"async\" src=\"http:\/\/feelcaboverde.com\/wp-content\/uploads\/2023\/01\/3487FED0-4785-447B-82F3-D2F46A5D65CC-1-scaled.jpeg\" alt=\"\" width=\"2560\" height=\"1920\" \/><figcaption id=\"caption-attachment-3734\" class=\"wp-caption-text\">Cha\u00eene de montagnes \u00e0 Santo Ant\u00e3o apr\u00e8s les pluies, Cap-Vert<\/figcaption><\/figure><p><span style=\"font-weight: 400;\">Santo Ant\u00e3o propose des sentiers incroyables avec diff\u00e9rents niveaux de difficult\u00e9, offrant l'occasion de contempler des paysages \u00e0 couper le souffle et des villages idylliques. Vous pouvez opter pour des randonn\u00e9es courtes et faciles ou pour des treks plus longs qui peuvent durer plusieurs jours.\u00a0<\/span><\/p><figure id=\"attachment_3730\" aria-describedby=\"caption-attachment-3730\" style=\"width: 2560px\" class=\"wp-caption alignnone\"><img decoding=\"async\" src=\"http:\/\/feelcaboverde.com\/wp-content\/uploads\/2023\/01\/5-753A8690-2-scaled.jpg\" alt=\"\" width=\"2560\" height=\"1707\" \/><figcaption id=\"caption-attachment-3730\" class=\"wp-caption-text\">Vall\u00e9e de Pa\u00fal vue depuis la descente de Cova, \u00eele de Santo Ant\u00e3o<\/figcaption><\/figure><p><span style=\"color: var( --e-global-color-text ); font-family: var( --e-global-typography-text-font-family ), Sans-serif; text-align: var(--text-align); font-size: 1rem;\">\u00a0<\/span><\/p><p><span style=\"color: var( --e-global-color-text ); font-family: var( --e-global-typography-text-font-family ), Sans-serif; text-align: var(--text-align); font-size: 1rem;\">Voici quelques-uns de mes sentiers pr\u00e9f\u00e9r\u00e9s \u00e0 Santo Ant\u00e3o :<\/span><span style=\"color: var( --e-global-color-text ); font-family: var( --e-global-typography-text-font-family ), Sans-serif; font-weight: var( --e-global-typography-text-font-weight ); text-align: var(--text-align); font-size: 1rem;\">\u00a0<\/span><\/p><ul><li style=\"font-weight: 400;\" aria-level=\"1\"><span style=\"font-weight: 400;\">Cova \u2013 Ribeira do Paul : Commencez le parcours t\u00f4t \u00e0 Pico da Cruz, en passant par le crat\u00e8re de Cova et en descendant le long des sentiers sinueux jusqu'\u00e0 Passagem. Une fois l\u00e0, je vous sugg\u00e8re de continuer \u00e0 descendre dans la vall\u00e9e de Pa\u00fal jusqu'\u00e0 la ville c\u00f4ti\u00e8re de Cidade das Pombas. La derni\u00e8re partie de ce parcours peut se faire en voiture si vous \u00eates fatigu\u00e9 par la descente.<\/span><\/li><\/ul><ul><li style=\"font-weight: 400;\" aria-level=\"1\"><span style=\"font-weight: 400;\">Ponta de Sol \u2013 Cruzinha : Ce sentier est plus long, mais il est parfait pour ceux qui n\u2019ont pas peur de marcher. Le sentier complet commence dans la ville de Ponta do Sol et passe par Fontainhas, Corvo, Formiguinhas, Aranhas, Cruzinha et Ch\u00e3 de Igreja. Le parcours mesure environ 14,6 km et la dur\u00e9e moyenne est de six heures. Verdict personnel : \u00e7a vaut chaque goutte de sueur!<\/span><\/li><\/ul><p><span style=\"font-weight: 400;\">\u00a0<\/span><\/p><p><span style=\"font-weight: 400;\">Santo Ant\u00e3o n'est accessible par la mer qu'\u00e0 partir de l'\u00eele voisine de S\u00e3o Vicente. Des liaisons quotidiennes r\u00e9guli\u00e8res sont assur\u00e9es dans les deux sens; le trajet dure environ 50 \u00e0 60 minutes.<\/span><span style=\"color: var( --e-global-color-text ); font-family: var( --e-global-typography-text-font-family ), Sans-serif; font-weight: var( --e-global-typography-text-font-weight ); text-align: var(--text-align); font-size: 1rem;\">\u00a0<\/span><\/p><p><b>L'\u00eele de S\u00e3o Nicolau est une excellente alternative pour le tourisme de montagne au Cap-Vert. <\/b><span style=\"font-weight: 400;\">Une visite incontournable est le Parc Naturel de Monte Gordo, o\u00f9, \u00e0 son sommet, il est possible d'observer la distinction frappante entre le c\u00f4t\u00e9 nord verdoyant et le c\u00f4t\u00e9 sud aride, s\u00e9par\u00e9s de quelques m\u00e8tres seulement. Cette diff\u00e9rence particuli\u00e8re est due \u00e0 l'existence de diff\u00e9rents \u00e9tages microclimatiques dans la r\u00e9gion.<\/span><\/p><figure id=\"attachment_3757\" aria-describedby=\"caption-attachment-3757\" style=\"width: 2560px\" class=\"wp-caption alignnone\"><img decoding=\"async\" src=\"http:\/\/feelcaboverde.com\/wp-content\/uploads\/2023\/01\/6-DJI_0049-scaled.jpg\" alt=\"\" width=\"2560\" height=\"1438\" \/><figcaption id=\"caption-attachment-3757\" class=\"wp-caption-text\">Monte Gordo, \u00eele de S\u00e3o Nicolau<\/figcaption><\/figure><p><span style=\"font-weight: 400;\">\u00a0<\/span><\/p><p><span style=\"font-weight: 400;\">La singularit\u00e9 des sentiers de S\u00e3o Nicolau a \u00e9t\u00e9 reconnue r\u00e9cemment, et depuis quelques ann\u00e9es, l'\u00eele accueille l'\u00e9v\u00e9nement annuel \u201cMeetup Trekking S\u00e3o Nicolau\u201d, o\u00f9 les amateurs de sport ont l'occasion de parcourir des itin\u00e9raires peu explor\u00e9s.\u00a0<\/span><\/p><p><span style=\"font-weight: 400;\">S\u00e3o Nicolau est accessible par bateau depuis S\u00e3o Vicente et Sal, ou par avion depuis Santiago (ville de Praia).\u00a0<\/span><\/p><p><b>Une autre excellente option pour le montagnisme au Cap-Vert est l'\u00eele de Brava,<\/b><span style=\"font-weight: 400;\">affectueusement connue comme l'\u00eele des fleurs ou le jardin du pays.<\/span><\/p><figure id=\"attachment_3758\" aria-describedby=\"caption-attachment-3758\" style=\"width: 2560px\" class=\"wp-caption alignnone\"><img decoding=\"async\" src=\"http:\/\/feelcaboverde.com\/wp-content\/uploads\/2023\/01\/7-IMG_20211003_113334-scaled.jpg\" alt=\"\" width=\"2560\" height=\"1920\" \/><figcaption id=\"caption-attachment-3758\" class=\"wp-caption-text\">Sentiers de montagne, \u00eele de Brava<\/figcaption><\/figure><p><span style=\"font-weight: 400;\">\u00a0<\/span><\/p><p><span style=\"font-weight: 400;\">Avec son climat plus doux, Brava est l'une des \u00eeles les plus verdoyantes du pays. Et bien que ce soit la plus petite \u00eele de Cabo Verde, Brava offre plusieurs sentiers spectaculaires avec des vues \u00e0 couper le souffle, o\u00f9 le vert des montagnes contraste magnifiquement avec le bleu de la mer. Un parcours que nous recommandons vivement est celui de Nossa Senhora do Monte \u00e0 Faj\u00e3 d\u2019\u00c1gua. Faites-le ; vous pourrez nous remercier plus tard!\u00a0<\/span><\/p><figure id=\"attachment_3725\" aria-describedby=\"caption-attachment-3725\" style=\"width: 2560px\" class=\"wp-caption alignnone\"><img decoding=\"async\" src=\"http:\/\/feelcaboverde.com\/wp-content\/uploads\/2023\/01\/IMG_20211002_142839-scaled.jpg\" alt=\"\" width=\"2560\" height=\"1920\" \/><figcaption id=\"caption-attachment-3725\" class=\"wp-caption-text\">Vue de Faj\u00e3 d'\u00c1gua, \u00eele de Brava<\/figcaption><\/figure><p><span style=\"font-weight: 400;\">Chacune de ces \u00eeles est une excellente option pour ceux qui souhaitent aller au-del\u00e0 du simple soleil et de la plage, et profiter de l'air pur et des vues imprenables sur les montagnes du Cap-Vert.\u00a0<\/span><\/p><p><span style=\"font-weight: 400;\">\u00a0<\/span><\/p><h3><b>4. Meilleure \u00eele du Cap-Vert pour les \u00e9v\u00e9nements culturels\u00a0<\/b><\/h3><p><b>La meilleure \u00eele du Cap-Vert pour les \u00e9v\u00e9nements culturels est d\u00e9finitivement S\u00e3o Vicente.<\/b><span style=\"font-weight: 400;\">La ville de Mindelo est consid\u00e9r\u00e9e par beaucoup comme la capitale culturelle du pays, et ce n'est pas sans raison!\u00a0<\/span><\/p><p><span style=\"font-weight: 400;\">Comme le disait \u00e0 juste titre la chanson de carnaval:<\/span><i><span style=\"font-weight: 400;\">\"Soncent \u00ea special ; ka tem ot igual, pa bem ou pa mal<\/span><\/i><span style=\"font-weight: 400;\">\" <\/span><span style=\"font-weight: 400;\">(traduction libre : <\/span><span style=\"font-weight: 400;\">S\u00e3o Vicente est unique ; il n'y en a pas d'autre comme lui, pour le meilleur ou pour le pire.)<\/span><\/p><p><span style=\"font-weight: 400;\">Mindelo organise chaque ann\u00e9e deux des plus grands \u00e9v\u00e9nements culturels du pays : le carnaval Mindelense, joyeux et color\u00e9 (en f\u00e9vrier\/mars) et le festival traditionnel de la Ba\u00eda das Gatas (en \u00e9t\u00e9). Ces \u00e9v\u00e9nements attirent chaque ann\u00e9e un nombre croissant de touristes locaux et internationaux, dans une fr\u00e9n\u00e9sie \u00e9lectrique qui envahit toute l'\u00eele.\u00a0<\/span><\/p><p><span style=\"font-weight: 400;\">Et parce que le peuple de S\u00e3o Vicente est naturellement festif et cr\u00e9atif, de nouveaux \u00e9v\u00e9nements culturels \u00e9mergent constamment sur l'\u00eele. Parmi eux, on trouve par exemple le Festival da Cavala (Festival du Maquereau) et le Carnaval d'\u00e9t\u00e9, deux \u00e9v\u00e9nements tout aussi vibrants.\u00a0<\/span><\/p><p><span style=\"font-weight: 400;\">Mindelo accueille \u00e9galement le Festival International de Th\u00e9\u00e2tre Mindelact, qui r\u00e9unit des artistes du monde entier sur les sc\u00e8nes de Mindelo.\u00a0<\/span><\/p><p><span style=\"font-weight: 400;\">Image: Baie de Porto Grande, Mindelo, \u00eele de S\u00e3o Vicente<\/span><\/p><p><span style=\"font-weight: 400;\">S\u00e3o Vicente est le berceau de grands musiciens cap-verdiens, dont Ces\u00e1ria \u00c9vora (notre regrett\u00e9e diva aux pieds nus), Bana, Luis Morais et Tito Paris, entre autres. La musicalit\u00e9 est tr\u00e8s pr\u00e9sente sur l'\u00eele, et certains restaurants et bars proposent fr\u00e9quemment des concerts.\u00a0\u00a0<\/span><\/p><figure id=\"attachment_3715\" aria-describedby=\"caption-attachment-3715\" style=\"width: 2177px\" class=\"wp-caption alignnone\"><img decoding=\"async\" src=\"http:\/\/feelcaboverde.com\/wp-content\/uploads\/2023\/01\/IMG_0383-scaled.jpeg\" alt=\"\" width=\"2177\" height=\"2560\" \/><figcaption id=\"caption-attachment-3715\" class=\"wp-caption-text\">Mur de Ces\u00e1ria \u00c9vora, \u00eele de S\u00e3o Vicente<\/figcaption><\/figure><p><span style=\"font-weight: 400;\">\u00a0<\/span><\/p><p><span style=\"font-weight: 400;\">Profitez de la vie nocturne de Mindel lorsque vous visitez l'\u00eele. Ne manquez pas l'occasion de savourer un bon d\u00eener ou de boire un verre au son d'une bonne morna et d'une coladeira. Vous pouvez aussi sortir danser jusqu'\u00e0 l'aube et vous rendre ensuite directement au restaurant Dokas pour d\u00e9guster un rago\u00fbt de cachupa et soigner votre gueule de bois (si vous le savez, vous le savez!).\u00a0<\/span><\/p><p><span style=\"font-weight: 400;\">S\u00e3o Vicente poss\u00e8de \u00e9galement des plages pour tous les go\u00fbts, notamment la classique Praia da Laginha au c\u0153ur de la ville de Mindelo, la Ba\u00eda das Gatas (qui accueille le festival de musique du m\u00eame nom, l'un des plus importants du pays), la plage de S\u00e3o Pedro (id\u00e9ale pour les sports nautiques et la plong\u00e9e en apn\u00e9e avec les tortues), entre autres.<\/span><\/p><p><span style=\"font-weight: 400;\">Image: Coucher de soleil Praia da Laginha et Monte Cara, \u00eele de S\u00e3o Vicente<\/span><\/p><p><span style=\"font-weight: 400;\">\u00a0<\/span><\/p><h3><b>5. La meilleure \u00eele du Cap-Vert pour les saveurs typiques<\/b><b style=\"color: var( --e-global-color-text ); font-family: var( --e-global-typography-text-font-family ), Sans-serif; font-size: 1rem;\">\u00a0<\/b><\/h3><p><span style=\"font-weight: 400;\">Malgr\u00e9 une base culinaire commune dans tout l'archipel (y compris la cachupa, le fromage de ch\u00e8vre, les confitures de fruits et les plats de fruits de mer) avec de petites variations entre les \u00eeles, chacune poss\u00e8de ses propres saveurs typiques et distinctes. Parmi elles, l'\u00eele de Fogo se distingue par son unicit\u00e9, faisant d'elle la meilleure \u00eele du Cap-Vert pour savourer les meilleurs go\u00fbts locaux. <\/span><b>Le feu,<\/b> <b>la meilleure \u00eele du Cap-Vert pour savourer les meilleures saveurs locales<\/b><span style=\"font-weight: 400;\">.\u00a0<\/span><\/p><p><span style=\"font-weight: 400;\">La sp\u00e9cificit\u00e9 des saveurs de Fogo est en grande partie due au volcanisme de l'\u00eele, qui conf\u00e8re une fertilit\u00e9 aux sols. La cuisine locale r\u00e9sulte principalement de ce qui est cultiv\u00e9 sur place.<\/span><\/p><figure id=\"attachment_3724\" aria-describedby=\"caption-attachment-3724\" style=\"width: 2560px\" class=\"wp-caption alignnone\"><img decoding=\"async\" src=\"http:\/\/feelcaboverde.com\/wp-content\/uploads\/2023\/01\/IMG_20210530_123043-scaled.jpg\" alt=\"\" width=\"2560\" height=\"1920\" \/><figcaption id=\"caption-attachment-3724\" class=\"wp-caption-text\">Noix de cajou de saison, \u00eele Fogo<\/figcaption><\/figure><p><span style=\"font-weight: 400;\">\u00a0<\/span><\/p><p class=\"translation-block\">\u00c0 Ch\u00e3 das Caldeiras, un village unique situ\u00e9 au pied du volcan Pico do Fogo, le sol riche en min\u00e9raux permet la culture de p\u00eaches, melons, pommes, grenades, coings, figues et surtout de raisins. Certains de ces fruits ne sont produits que sur l'\u00eele de Fogo \u2013 je les appelle les fruits de la lave.<\/p><figure id=\"attachment_3754\" aria-describedby=\"caption-attachment-3754\" style=\"width: 2560px\" class=\"wp-caption alignnone\"><img decoding=\"async\" src=\"http:\/\/feelcaboverde.com\/wp-content\/uploads\/2023\/01\/IMG_20210528_175132-scaled.jpg\" alt=\"\" width=\"2560\" height=\"1920\" \/><figcaption id=\"caption-attachment-3754\" class=\"wp-caption-text\">Vignoble dans les cendres du volcan du Fogo, \u00eele de Fogo<\/figcaption><\/figure><p><span style=\"font-weight: 400;\">\u00a0<\/span><\/p><p><span style=\"font-weight: 400;\">Les raisins sont utilis\u00e9s pour produire des vins, dont certains sont reconnus au niveau international. <\/span><span style=\"font-weight: 400;\">Quiconque visite le Cap-Vert ne peut partir sans avoir go\u00fbt\u00e9 un <\/span><i><span style=\"font-weight: 400;\">Manecon <\/span><\/i><span style=\"font-weight: 400;\">rouge ou un <\/span><i><span style=\"font-weight: 400;\">Ch\u00e3 <\/span><\/i><span style=\"font-weight: 400;\">blanc (pr\u00e9f\u00e9rences personnelles).\u00a0<\/span><\/p><figure id=\"attachment_3753\" aria-describedby=\"caption-attachment-3753\" style=\"width: 2560px\" class=\"wp-caption alignnone\"><img decoding=\"async\" src=\"http:\/\/feelcaboverde.com\/wp-content\/uploads\/2023\/01\/IMG_20210528_144832-scaled.jpg\" alt=\"\" width=\"2560\" height=\"1920\" \/><figcaption id=\"caption-attachment-3753\" class=\"wp-caption-text\">Verre de vin Manecon, Ch\u00e3 das Caldeiras, \u00eele de Fogo<\/figcaption><\/figure><p><span style=\"font-weight: 400;\">\u00a0<\/span><\/p><p><span style=\"font-weight: 400;\">Ch\u00e3 das Caldeiras produit \u00e9galement diff\u00e9rents types de haricots, en particulier le congo vert. Ceux-ci sont utilis\u00e9s, par exemple, dans la pr\u00e9paration de <\/span><i><span style=\"font-weight: 400;\">Djagacida<\/span><\/i><span style=\"font-weight: 400;\">, le d\u00e9licieux plat typique de l'\u00eele de Fogo.<\/span><\/p><figure id=\"attachment_3752\" aria-describedby=\"caption-attachment-3752\" style=\"width: 2560px\" class=\"wp-caption alignnone\"><img decoding=\"async\" src=\"http:\/\/feelcaboverde.com\/wp-content\/uploads\/2023\/01\/IMG_20210528_143809-scaled.jpg\" alt=\"\" width=\"2560\" height=\"1920\" \/><figcaption id=\"caption-attachment-3752\" class=\"wp-caption-text\">Rago\u00fbt avec pois\/haricots verts, \u00eele de Fogo<\/figcaption><\/figure><p><span style=\"font-weight: 400;\">\u00a0<\/span><\/p><p><span style=\"font-weight: 400;\">Le caf\u00e9 de Fogo est produit dans la ville de Mosteiros et est fi\u00e8rement acclam\u00e9 par les habitants pour sa qualit\u00e9. Les autres fruits saisonniers de l'\u00eele sont \u00e9galement d'excellente qualit\u00e9, comme les mangues et les noix de cajou.<\/span><\/p><figure id=\"attachment_3755\" aria-describedby=\"caption-attachment-3755\" style=\"width: 2560px\" class=\"wp-caption alignnone\"><img decoding=\"async\" src=\"http:\/\/feelcaboverde.com\/wp-content\/uploads\/2023\/01\/IMG_20210529_131358-scaled.jpg\" alt=\"\" width=\"2560\" height=\"1920\" \/><figcaption id=\"caption-attachment-3755\" class=\"wp-caption-text\">Nettoyage artisanal manuel des grains de caf\u00e9, Mosteiros, \u00eele de Fogo<\/figcaption><\/figure><p><span style=\"font-weight: 400;\">Ce fromage de ch\u00e8vre en forme de champignon est caract\u00e9ristique de l'\u00eele de Fogo.<\/span><\/p><p><span style=\"font-weight: 400;\">Si vous voulez vraiment go\u00fbter aux meilleures saveurs du Cap-Vert, vous ne pouvez pas manquer Fogo. L'\u00eele est facilement accessible depuis la capitale Praia, par voie maritime ou a\u00e9rienne.\u00a0<\/span><\/p><p><span style=\"font-weight: 400;\">\u00a0<\/span><\/p><h3><b>6. La meilleure \u00eele du Cap-Vert pour s'\u00e9loigner des destinations touristiques habituelles<\/b><\/h3><div><span style=\"color: var( --e-global-color-text ); font-family: var( --e-global-typography-text-font-family ), Sans-serif; font-size: 1rem;\">Malgr\u00e9 l'augmentation de la demande touristique au Cap-Vert, notamment pour les destinations baln\u00e9aires, le pays conserve encore de nombreux coins peu explor\u00e9s.\u00a0<\/span><\/div><p><b>Les meilleures \u00eeles du Cap-Vert pour \u00e9chapper aux sentiers touristiques battus sont S\u00e3o Nicolau et Brava<\/b><span style=\"font-weight: 400;\">, \u00e0 \u00e9galit\u00e9.\u00a0<\/span><\/p><p><b>S\u00e3o Nicolau<\/b><span style=\"font-weight: 400;\"> est extr\u00eamement sous-estim\u00e9e en tant que destination touristique nationale malgr\u00e9 la vari\u00e9t\u00e9 de paysages sur l'\u00eele. Il n'est pas surprenant que deux des sept merveilles du Cap-Vert se trouvent sur l'\u00eele : Carbeirinho et le Parc Naturel du Monte Gordo.\u00a0<\/span><\/p><figure id=\"attachment_3749\" aria-describedby=\"caption-attachment-3749\" style=\"width: 2560px\" class=\"wp-caption aligncenter\"><img decoding=\"async\" src=\"http:\/\/feelcaboverde.com\/wp-content\/uploads\/2023\/01\/IMG_20210515_121205-scaled.jpg\" alt=\"\" width=\"2560\" height=\"1920\" \/><figcaption id=\"caption-attachment-3749\" class=\"wp-caption-text\">Carbeirinho, \u00eele de S\u00e3o Nicolau<\/figcaption><\/figure><p><span style=\"font-weight: 400;\">\u00a0<\/span><\/p><p><span style=\"font-weight: 400;\">Les sentiers de l'\u00eele, encore peu explor\u00e9s, attirent les passionn\u00e9s de randonn\u00e9e au Meetup Trekking S\u00e3o Nicolau annuel. Vous pouvez suivre le <\/span><a href=\"https:\/\/www.saniclautrails.com\/\" rel=\"nofollow noopener\" target=\"_blank\"><span style=\"font-weight: 400;\">site web de l'\u00e9v\u00e9nement<\/span><\/a><span style=\"font-weight: 400;\"> pour les prochaines \u00e9ditions.\u00a0<\/span><\/p><figure id=\"attachment_3746\" aria-describedby=\"caption-attachment-3746\" style=\"width: 1920px\" class=\"wp-caption alignnone\"><img decoding=\"async\" src=\"http:\/\/feelcaboverde.com\/wp-content\/uploads\/2023\/01\/IMG_9040-scaled.jpg\" alt=\"\" width=\"1920\" height=\"2560\" \/><figcaption id=\"caption-attachment-3746\" class=\"wp-caption-text\">Meetup Trekking S\u00e3o Nicolau, \u00eele de S\u00e3o Nicolau<\/figcaption><\/figure><p><span style=\"font-weight: 400;\">Une particularit\u00e9 de S\u00e3o Nicolau est le fait qu'elle poss\u00e8de de magnifiques plages tant de sable blanc que de sable noir. Bien qu'elles soient moins connues que les plages de Sal et Boa Vista, elles offrent des moments tout aussi agr\u00e9ables ! \u00c0 noter \u00e9galement les piscines naturelles de Juncalinho et Carbeirinho, deux de nos endroits pr\u00e9f\u00e9r\u00e9s dans le pays!<\/span><\/p><figure id=\"attachment_3719\" aria-describedby=\"caption-attachment-3719\" style=\"width: 1920px\" class=\"wp-caption alignnone\"><img decoding=\"async\" src=\"http:\/\/feelcaboverde.com\/wp-content\/uploads\/2023\/01\/IMG_8771-scaled.jpeg\" alt=\"\" width=\"1920\" height=\"2560\" \/><figcaption id=\"caption-attachment-3719\" class=\"wp-caption-text\">Piscine naturelle de Juncalinho, \u00eele de S\u00e3o Nicolau<\/figcaption><\/figure><p><span style=\"font-weight: 400;\">\u00a0<\/span><\/p><p><span style=\"font-weight: 400;\">La <\/span><b>L'\u00eele de Brava est \u00e9galement une perle bien cach\u00e9e et inexplor\u00e9e.<\/b><span style=\"font-weight: 400;\">Romantique par excellence, cette \u00eele est color\u00e9e par des fleurs, avec le rouge des lys dominant parmi les autres. Gr\u00e2ce \u00e0 son climat doux, l'\u00eele est verdoyante et fra\u00eeche, id\u00e9ale pour des promenades tranquilles.\u00a0<\/span><\/p><figure id=\"attachment_3738\" aria-describedby=\"caption-attachment-3738\" style=\"width: 2560px\" class=\"wp-caption alignnone\"><img decoding=\"async\" src=\"http:\/\/feelcaboverde.com\/wp-content\/uploads\/2023\/01\/DJI_0511-scaled.jpg\" alt=\"\" width=\"2560\" height=\"1438\" \/><figcaption id=\"caption-attachment-3738\" class=\"wp-caption-text\">Nossa Senhora do Monte, \u00eele de Brava<\/figcaption><\/figure><p><span style=\"font-weight: 400;\">\u00a0<\/span><\/p><p><span style=\"font-weight: 400;\">L'\u00eele \u00e9tant petite, il est facile d'en faire le tour en quelques jours. Les diff\u00e9rents points de vue diss\u00e9min\u00e9s sur Brava permettent de contempler les charmes locaux, ainsi que les \u00eelots et les \u00eeles voisines au loin.<\/span><\/p><figure id=\"attachment_3740\" aria-describedby=\"caption-attachment-3740\" style=\"width: 2560px\" class=\"wp-caption alignnone\"><img decoding=\"async\" src=\"http:\/\/feelcaboverde.com\/wp-content\/uploads\/2023\/01\/IMG_5109-scaled.jpg\" alt=\"\" width=\"2560\" height=\"1920\" \/><figcaption id=\"caption-attachment-3740\" class=\"wp-caption-text\">Point de vue sur Nova Sintra, \u00eele de Brava<\/figcaption><\/figure><p><span style=\"font-weight: 400;\">\u00a0<\/span><\/p><p><span style=\"font-weight: 400;\">La ville de Nova Sintra est particuli\u00e8re et pleine de personnalit\u00e9. Elle conserve une architecture coloniale portugaise qui rappelle le pass\u00e9 pas si lointain de l'archipel et qui lui conf\u00e8re un certain charme.<\/span><\/p><p><span style=\"font-weight: 400;\">L'un de nos endroits pr\u00e9f\u00e9r\u00e9s dans le pays est Faj\u00e3 d'\u00c1gua, une partie spectaculaire du littoral de l'\u00eele de Brava. Pr\u00e9voyez au moins un apr\u00e8s-midi pour y passer. Laissez votre corps se d\u00e9tendre dans les piscines naturelles. En fin de journ\u00e9e, installez-vous dans l'un des bars du front de mer, commandez une portion de mur\u00e8ne frite ou de conque accompagn\u00e9e d'une boisson fra\u00eeche et attendez le coucher du soleil. Vous ne le regretterez pas!<\/span><\/p><figure id=\"attachment_3731\" aria-describedby=\"caption-attachment-3731\" style=\"width: 2560px\" class=\"wp-caption alignnone\"><img decoding=\"async\" src=\"http:\/\/feelcaboverde.com\/wp-content\/uploads\/2023\/01\/8-IMG_20211002_182138-scaled.jpg\" alt=\"\" width=\"2560\" height=\"1920\" \/><figcaption id=\"caption-attachment-3731\" class=\"wp-caption-text\">Coucher de soleil \u00e0 Faj\u00e3 d'\u00c1gua, \u00eele de Brava<\/figcaption><\/figure><div><h3><b>\u00a0<\/b><\/h3><h3><b>7. La meilleure \u00eele du Cap-Vert pour s'isoler du monde<\/b><\/h3><p><span style=\"font-weight: 400;\">La<\/span><b> La meilleure \u00eele du Cap-Vert pour s'isoler de tout est sans aucun doute Santa Luzia.<\/b><span style=\"font-weight: 400;\">En effet, l'\u00eele est inhabit\u00e9e, compl\u00e8tement d\u00e9serte. Sans r\u00e9seau de communication mobile ni \u00e9lectricit\u00e9, on ne peut qu'appr\u00e9cier le chant des oiseaux, se bercer au son des vagues qui se brisent et dormir sous le ciel le plus \u00e9toil\u00e9 du pays.\u00a0<\/span><\/p><p><span style=\"font-weight: 400;\">Image :<\/span><\/p><figure id=\"attachment_3760\" aria-describedby=\"caption-attachment-3760\" style=\"width: 2560px\" class=\"wp-caption alignnone\"><img decoding=\"async\" src=\"http:\/\/feelcaboverde.com\/wp-content\/uploads\/2022\/01\/1.-Santa-Luzia-Cabo-Verde-scaled.jpg\" alt=\"\" width=\"2560\" height=\"1443\" \/><figcaption id=\"caption-attachment-3760\" class=\"wp-caption-text\">Bateau naufrag\u00e9, \u00eele de Santa Luzia<\/figcaption><\/figure><p><span style=\"font-weight: 400;\">\u00a0<\/span><\/p><p><span style=\"font-weight: 400;\">Santa Luzia est actuellement pr\u00e9serv\u00e9e en tant que r\u00e9serve naturelle, importante pour sa biodiversit\u00e9. L'acc\u00e8s est r\u00e9serv\u00e9 aux p\u00eacheurs ainsi qu'aux groupes \u00e9ducatifs et de conservation de la nature. Cependant, il est possible de les accompagner lors d'excursions sp\u00e9cifiques \u00e0 certaines p\u00e9riodes de l'ann\u00e9e. <\/span><a href=\"https:\/\/www.biosfera1.com\/\" rel=\"nofollow noopener\" target=\"_blank\"><span style=\"font-weight: 400;\">Bioesfera Cabo Verde<\/span><\/a><span style=\"font-weight: 400;\"> est l'un des groupes qui organise des d\u00e9placements occasionnels vers l'\u00eele.\u00a0<\/span><\/p><h2><b>\u00a0<\/b><\/h2><h3><b>8. La meilleure \u00eele du Cap-Vert pour vivre un peu de tout<\/b><\/h3><p><span style=\"font-weight: 400;\">Certainement, <\/span><b>La meilleure \u00eele du Cap-Vert pour ceux qui veulent vivre un peu de tout est l'\u00eele de Santiago.<\/b><span style=\"font-weight: 400;\">.<\/span><\/p><p><span style=\"font-weight: 400;\">Santiago abrite un immense patrimoine historique, riche en culture et en traditions. L'\u00eele est sillonn\u00e9e de belles vall\u00e9es et de montagnes, baign\u00e9e de plages accueillantes et couronn\u00e9e de zones urbaines dynamiques. La diversit\u00e9 est le ma\u00eetre mot de l'\u00eele de Santiago, la plus grande de l'archipel.\u00a0<\/span><\/p><p><span style=\"font-weight: 400;\">Pour ceux qui ne peuvent se passer d'une bonne plage, Tarrafal est l'endroit id\u00e9al. Tarrafal se trouve \u00e0 la pointe nord de l'\u00eele de Santiago, \u00e0 environ deux heures de route de la capitale. Le trajet jusqu'\u00e0 la ville offre des vues panoramiques incroyables sur l'ensemble de l'\u00eele. Nous vous conseillons de longer la c\u00f4te et de revenir \u00e0 l'int\u00e9rieur des terres, en passant par le camp de concentration historique de Tarrafal.<\/span><\/p><figure id=\"attachment_3736\" aria-describedby=\"caption-attachment-3736\" style=\"width: 2560px\" class=\"wp-caption alignnone\"><img decoding=\"async\" src=\"http:\/\/feelcaboverde.com\/wp-content\/uploads\/2023\/01\/DJI_0041-scaled.jpg\" alt=\"\" width=\"2560\" height=\"1440\" \/><figcaption id=\"caption-attachment-3736\" class=\"wp-caption-text\">Tarrafal, \u00eele de Santiago<\/figcaption><\/figure><p><span style=\"font-weight: 400;\">\u00a0<\/span><\/p><p><span style=\"font-weight: 400;\">Si la randonn\u00e9e est un must pour vous, vous trouverez un bon refuge \u00e0 Santiago. Des itin\u00e9raires tels que la Sierra Malagueta <\/span><span style=\"font-weight: 400;\">\u2013<\/span><span style=\"font-weight: 400;\"> Principal, Assomada <\/span><span style=\"font-weight: 400;\">\u2013<\/span><span style=\"font-weight: 400;\"> Ribeira da Barca ou la mont\u00e9e vers Rui Vaz ne sont que quelques-unes des nombreuses alternatives. La meilleure p\u00e9riode pour faire des randonn\u00e9es \u00e0 Santiago est apr\u00e8s la saison des pluies, principalement de septembre \u00e0 novembre, lorsque l'\u00eele est recouverte d'un manteau vert d'espoir.\u00a0<\/span><\/p><\/div><figure id=\"attachment_3737\" aria-describedby=\"caption-attachment-3737\" style=\"width: 2560px\" class=\"wp-caption alignnone\"><img decoding=\"async\" src=\"http:\/\/feelcaboverde.com\/wp-content\/uploads\/2023\/01\/DJI_0156-scaled.jpg\" alt=\"\" width=\"2560\" height=\"1440\" \/><figcaption id=\"caption-attachment-3737\" class=\"wp-caption-text\">Coucher de soleil dans la Serra Malagueta, \u00eele de Santiago<\/figcaption><\/figure><div><p><span style=\"font-weight: 400;\">\u00a0<\/span><\/p><p><span style=\"font-weight: 400;\">Il est impensable de visiter Santiago sans passer par Cidade Velha. \u00c0 20 minutes de route de la capitale, Cidade Velha (anciennement Ribeira Grande) offre une fen\u00eatre sur le pass\u00e9 du pays, avec de nombreux sites historiques. C'est la premi\u00e8re ville construite par les Europ\u00e9ens sous les tropiques et la premi\u00e8re capitale du Cap-Vert.\u00a0<\/span><\/p><p><span style=\"font-weight: 400;\">En raison de son importance historique et culturelle, la vieille ville est reconnue par l'UNESCO comme un site du patrimoine mondial depuis 2009. Bonus : le coucher de soleil dans la vieille ville est spectaculaire !\u00a0<\/span><\/p><figure id=\"attachment_3721\" aria-describedby=\"caption-attachment-3721\" style=\"width: 1920px\" class=\"wp-caption alignnone\"><img decoding=\"async\" src=\"http:\/\/feelcaboverde.com\/wp-content\/uploads\/2023\/01\/IMG_20211008_175500-scaled.jpg\" alt=\"\" width=\"1920\" height=\"2560\" \/><figcaption id=\"caption-attachment-3721\" class=\"wp-caption-text\">Pelourinho, Cidade Velha, \u00eele de Santiago<\/figcaption><\/figure><p><span style=\"font-weight: 400;\">\u00a0<\/span><\/p><p><span style=\"font-weight: 400;\">Et bien s\u00fbr, profitez-en pour d\u00e9couvrir la capitale, Praia. Visitez le march\u00e9 municipal anim\u00e9, le march\u00e9 color\u00e9 de Sucupira, les petits mus\u00e9es de la ville (le Mus\u00e9e Ethnographique de Praia, le Mus\u00e9e d'Arch\u00e9ologie), la zone historique du Plateau et terminez la journ\u00e9e dans un restaurant avec musique live.\u00a0<\/span><\/p><figure id=\"attachment_3742\" aria-describedby=\"caption-attachment-3742\" style=\"width: 1920px\" class=\"wp-caption alignnone\"><img decoding=\"async\" src=\"http:\/\/feelcaboverde.com\/wp-content\/uploads\/2023\/01\/IMG_5977-scaled.jpg\" alt=\"\" width=\"1920\" height=\"2560\" \/><figcaption id=\"caption-attachment-3742\" class=\"wp-caption-text\">Lins et pilons expos\u00e9s au march\u00e9 de Sucupira, \u00eele de Santiago<\/figcaption><\/figure><p><span style=\"font-weight: 400;\">\u00a0<\/span><\/p><p><span style=\"font-weight: 400;\">Santiago poss\u00e8de le principal a\u00e9roport international du pays (Nelson Mandela International Airport <\/span><span style=\"font-weight: 400;\">\u2013 <\/span><span style=\"font-weight: 400;\">RAI), et il re\u00e7oit des vols internationaux de diverses compagnies a\u00e9riennes. De plus, Santiago est directement reli\u00e9e par voie a\u00e9rienne et maritime aux autres \u00eeles, ce qui rend facile le voyage vers le reste du pays depuis la capitale.<\/span><\/p><h3><b>\u00a0<\/b><\/h3><h3><b>Conclusion<\/b><\/h3><p><span style=\"font-weight: 400;\">Dans cet article, nous avons expliqu\u00e9 en d\u00e9tail quelle est la meilleure \u00eele de l'archipel pour chaque profil personnel et chaque objectif de voyage. Plages, soleil, montagnes, paysages verdoyants, d\u00e9serts, culture\u2026 Le Cap-Vert a quelque chose pour tout le monde.\u00a0<\/span><\/p><p><span style=\"font-weight: 400;\">Le tableau suivant est un guide r\u00e9capitulatif de l'article, illustrant ce que chaque \u00eele du Cap-Vert a de mieux \u00e0 offrir.\u00a0<\/span><\/p><table><tbody><tr><td><b>\u00cele\/ Activit\u00e9s\u00a0<\/b><\/td><td><b>Santo Ant\u00e3o\u00a0<\/b><\/td><td><b>S\u00e3o Vicente<\/b><\/td><td><b>Santa Luzia<\/b><\/td><td><b>S\u00e3o Nicolau<\/b><\/td><td><b>Sal<\/b><\/td><td><b>Boa Vista<\/b><\/td><td><b>Maio\u00a0<\/b><\/td><td><b>Santiago<\/b><\/td><td><b>Fogo<\/b><\/td><td><b>Brava<\/b><\/td><\/tr><tr><td><span style=\"font-weight: 400;\">Les meilleures plages de sable blanc<\/span><\/td><td>\u00a0<\/td><td><span style=\"font-weight: 400;\">X<\/span><\/td><td>\u00a0<\/td><td>\u00a0<\/td><td><span style=\"font-weight: 400;\">X<\/span><\/td><td><span style=\"font-weight: 400;\">X<\/span><\/td><td><span style=\"font-weight: 400;\">X<\/span><\/td><td>\u00a0<\/td><td>\u00a0<\/td><td>\u00a0<\/td><\/tr><tr><td><span style=\"font-weight: 400;\">Les meilleures plages de sable noir<\/span><\/td><td><span style=\"font-weight: 400;\">X<\/span><\/td><td>\u00a0<\/td><td>\u00a0<\/td><td>\u00a0<\/td><td>\u00a0<\/td><td>\u00a0<\/td><td>\u00a0<\/td><td>\u00a0<\/td><td><span style=\"font-weight: 400;\">X<\/span><\/td><td>\u00a0<\/td><\/tr><tr><td><span style=\"font-weight: 400;\">Sports nautiques<\/span><\/td><td>\u00a0<\/td><td><span style=\"font-weight: 400;\">X<\/span><\/td><td>\u00a0<\/td><td>\u00a0<\/td><td><span style=\"font-weight: 400;\">X<\/span><\/td><td><span style=\"font-weight: 400;\">X<\/span><\/td><td>\u00a0<\/td><td>\u00a0<\/td><td>\u00a0<\/td><td>\u00a0<\/td><\/tr><tr><td><span style=\"font-weight: 400;\">Randonn\u00e9e\/ sentiers<\/span><\/td><td><span style=\"font-weight: 400;\">X<\/span><\/td><td>\u00a0<\/td><td>\u00a0<\/td><td><span style=\"font-weight: 400;\">X<\/span><\/td><td>\u00a0<\/td><td>\u00a0<\/td><td>\u00a0<\/td><td><span style=\"font-weight: 400;\">X<\/span><\/td><td><span style=\"font-weight: 400;\">X<\/span><\/td><td><span style=\"font-weight: 400;\">X<\/span><\/td><\/tr><tr><td><span style=\"font-weight: 400;\">Tourisme de montagne<\/span><\/td><td><span style=\"font-weight: 400;\">X<\/span><\/td><td>\u00a0<\/td><td>\u00a0<\/td><td><span style=\"font-weight: 400;\">X<\/span><\/td><td>\u00a0<\/td><td>\u00a0<\/td><td>\u00a0<\/td><td><span style=\"font-weight: 400;\">X<\/span><\/td><td><span style=\"font-weight: 400;\">X<\/span><\/td><td><span style=\"font-weight: 400;\">X<\/span><\/td><\/tr><tr><td><span style=\"font-weight: 400;\">\u00c9v\u00e9nements culturels<\/span><\/td><td>\u00a0<\/td><td><span style=\"font-weight: 400;\">X<\/span><\/td><td>\u00a0<\/td><td>\u00a0<\/td><td>\u00a0<\/td><td>\u00a0<\/td><td>\u00a0<\/td><td><span style=\"font-weight: 400;\">X<\/span><\/td><td>\u00a0<\/td><td>\u00a0<\/td><\/tr><tr><td><span style=\"font-weight: 400;\">Vie nocturne<\/span><\/td><td>\u00a0<\/td><td><span style=\"font-weight: 400;\">X<\/span><\/td><td>\u00a0<\/td><td>\u00a0<\/td><td><span style=\"font-weight: 400;\">X<\/span><\/td><td>\u00a0<\/td><td>\u00a0<\/td><td><span style=\"font-weight: 400;\">X<\/span><\/td><td>\u00a0<\/td><td>\u00a0<\/td><\/tr><tr><td><span style=\"font-weight: 400;\">Destinations moins connues (\"hors des sentiers battus\")<\/span><\/td><td>\u00a0<\/td><td>\u00a0<\/td><td><span style=\"font-weight: 400;\">X<\/span><\/td><td><span style=\"font-weight: 400;\">X<\/span><\/td><td>\u00a0<\/td><td>\u00a0<\/td><td><span style=\"font-weight: 400;\">X<\/span><\/td><td>\u00a0<\/td><td>\u00a0<\/td><td><span style=\"font-weight: 400;\">X<\/span><\/td><\/tr><tr><td><span style=\"font-weight: 400;\">Passionn\u00e9s d'histoire<\/span><\/td><td><span style=\"font-weight: 400;\">X<\/span><\/td><td><span style=\"font-weight: 400;\">X<\/span><\/td><td>\u00a0<\/td><td>\u00a0<\/td><td>\u00a0<\/td><td>\u00a0<\/td><td>\u00a0<\/td><td><span style=\"font-weight: 400;\">X<\/span><\/td><td><span style=\"font-weight: 400;\">X<\/span><\/td><td>\u00a0<\/td><\/tr><tr><td><span style=\"font-weight: 400;\">Tranquillit\u00e9\u00a0<\/span><\/td><td><span style=\"font-weight: 400;\">X<\/span><\/td><td>\u00a0<\/td><td><span style=\"font-weight: 400;\">X<\/span><\/td><td><span style=\"font-weight: 400;\">X<\/span><\/td><td>\u00a0<\/td><td>\u00a0<\/td><td><span style=\"font-weight: 400;\">X<\/span><\/td><td>\u00a0<\/td><td>\u00a0<\/td><td><span style=\"font-weight: 400;\">X<\/span><\/td><\/tr><tr><td><span style=\"font-weight: 400;\">Saveurs typiques<\/span><\/td><td><span style=\"font-weight: 400;\">X<\/span><\/td><td>\u00a0<\/td><td><span style=\"font-weight: 400;\">X<\/span><\/td><td>\u00a0<\/td><td>\u00a0<\/td><td>\u00a0<\/td><td>\u00a0<\/td><td><span style=\"font-weight: 400;\">X<\/span><\/td><td><span style=\"font-weight: 400;\">X<\/span><\/td><td>\u00a0<\/td><\/tr><\/tbody><\/table><p><span style=\"font-weight: 400;\">Si vous avez d'autres questions ou si vous souhaitez recevoir des conseils plus sp\u00e9cifiques sur les voyages au Cap-Vert, n'h\u00e9sitez pas \u00e0 nous contacter.<\/span><\/p><\/div>\t\t\t\t\t\t<\/div>\n\t\t\t\t<\/div>\n\t\t\t\t\t<\/div>\n\t\t<\/div>\n\t\t\t\t\t\t\t<\/div>\n\t\t<\/section>\n\t\t\t\t\t\t\t<\/div>","protected":false},"excerpt":{"rendered":"<p>On nous demande souvent : \"Quelle est la meilleure \u00eele \u00e0 visiter au Cap-Vert ?\". Il est impossible de donner une r\u00e9ponse simpliste \u00e0 cette question, car cela d\u00e9pend beaucoup du profil de la personne et de ce qu'elle veut faire lors d'un voyage dans l'archipel du Cap-Vert. Certaines caract\u00e9ristiques sont communes \u00e0 toutes les \u00eeles, comme le morabeza [...]<\/p>","protected":false},"author":1,"featured_media":1805,"comment_status":"open","ping_status":"open","sticky":false,"template":"","format":"standard","meta":{"footnotes":""},"categories":[24],"tags":[],"class_list":["post-658","post","type-post","status-publish","format-standard","has-post-thumbnail","hentry","category-blog"],"_links":{"self":[{"href":"https:\/\/feelcaboverde.com\/fr\/wp-json\/wp\/v2\/posts\/658","targetHints":{"allow":["GET"]}}],"collection":[{"href":"https:\/\/feelcaboverde.com\/fr\/wp-json\/wp\/v2\/posts"}],"about":[{"href":"https:\/\/feelcaboverde.com\/fr\/wp-json\/wp\/v2\/types\/post"}],"author":[{"embeddable":true,"href":"https:\/\/feelcaboverde.com\/fr\/wp-json\/wp\/v2\/users\/1"}],"replies":[{"embeddable":true,"href":"https:\/\/feelcaboverde.com\/fr\/wp-json\/wp\/v2\/comments?post=658"}],"version-history":[{"count":102,"href":"https:\/\/feelcaboverde.com\/fr\/wp-json\/wp\/v2\/posts\/658\/revisions"}],"predecessor-version":[{"id":5643,"href":"https:\/\/feelcaboverde.com\/fr\/wp-json\/wp\/v2\/posts\/658\/revisions\/5643"}],"wp:featuredmedia":[{"embeddable":true,"href":"https:\/\/feelcaboverde.com\/fr\/wp-json\/wp\/v2\/media\/1805"}],"wp:attachment":[{"href":"https:\/\/feelcaboverde.com\/fr\/wp-json\/wp\/v2\/media?parent=658"}],"wp:term":[{"taxonomy":"category","embeddable":true,"href":"https:\/\/feelcaboverde.com\/fr\/wp-json\/wp\/v2\/categories?post=658"},{"taxonomy":"post_tag","embeddable":true,"href":"https:\/\/feelcaboverde.com\/fr\/wp-json\/wp\/v2\/tags?post=658"}],"curies":[{"name":"wp","href":"https:\/\/api.w.org\/{rel}","templated":true}]}}