{"id":5483,"date":"2025-03-30T20:49:09","date_gmt":"2025-03-30T20:49:09","guid":{"rendered":"https:\/\/feelcaboverde.com\/?p=5483"},"modified":"2026-04-15T21:48:08","modified_gmt":"2026-04-15T21:48:08","slug":"como-se-deslocar-em-cabo-verde","status":"publish","type":"post","link":"https:\/\/feelcaboverde.com\/fr\/comment-se-deplacer-au-cap-vert\/","title":{"rendered":"Comment se rendre dans les \u00eeles du Cap-Vert en 2026 : guide complet des transports"},"content":{"rendered":"<div data-elementor-type=\"wp-post\" data-elementor-id=\"5483\" class=\"elementor elementor-5483\">\n\t\t\t\t\t\t\t\t\t<section data-particle_enable=\"false\" data-particle-mobile-disabled=\"false\" class=\"elementor-section elementor-top-section elementor-element elementor-element-d4d3908 elementor-section-boxed elementor-section-height-default elementor-section-height-default\" data-id=\"d4d3908\" data-element_type=\"section\">\n\t\t\t\t\t\t<div class=\"elementor-container elementor-column-gap-default\">\n\t\t\t\t\t<div class=\"elementor-column elementor-col-100 elementor-top-column elementor-element elementor-element-e4c6d95\" data-id=\"e4c6d95\" data-element_type=\"column\">\n\t\t\t<div class=\"elementor-widget-wrap elementor-element-populated\">\n\t\t\t\t\t\t\t\t<div class=\"elementor-element elementor-element-2182957 elementor-widget elementor-widget-text-editor\" data-id=\"2182957\" data-element_type=\"widget\" data-widget_type=\"text-editor.default\">\n\t\t\t\t<div class=\"elementor-widget-container\">\n\t\t\t<style>\/*! elementor - v3.7.1 - 14-08-2022 *\/\n.elementor-widget-text-editor.elementor-drop-cap-view-stacked .elementor-drop-cap{background-color:#818a91;color:#fff}.elementor-widget-text-editor.elementor-drop-cap-view-framed .elementor-drop-cap{color:#818a91;border:3px solid;background-color:transparent}.elementor-widget-text-editor:not(.elementor-drop-cap-view-default) .elementor-drop-cap{margin-top:8px}.elementor-widget-text-editor:not(.elementor-drop-cap-view-default) .elementor-drop-cap-letter{width:1em;height:1em}.elementor-widget-text-editor .elementor-drop-cap{float:left;text-align:center;line-height:1;font-size:50px}.elementor-widget-text-editor .elementor-drop-cap-letter{display:inline-block}<\/style>\t\t\t\t<div dir=\"ltr\"><figure id=\"attachment_5525\" aria-describedby=\"caption-attachment-5525\" style=\"width: 2560px\" class=\"wp-caption alignnone\"><img decoding=\"async\" src=\"http:\/\/feelcaboverde.com\/wp-content\/uploads\/2025\/03\/Travessia-de-barco-entre-Sao-Vicente-e-Santo-Antao-scaled.jpeg\" alt=\"Excursion en bateau entre Sao Vicente et Santo Antao\" width=\"2560\" height=\"1920\" \/><figcaption id=\"caption-attachment-5525\" class=\"wp-caption-text\">Promenade en bateau entre S\u00e3o Vicente et Santo Ant\u00e3o<\/figcaption><\/figure><p data-sourcepos=\"7:1-7:421\">\u00a0<\/p><p data-sourcepos=\"7:1-7:421\">Voyager dans les \u00eeles du Cap-Vert demande un peu d'organisation et une bonne connaissance du syst\u00e8me de transport local. Dans ce guide complet, j'aborde en d\u00e9tail les diff\u00e9rents moyens de transport du Cap-Vert. <strong>options de transport au Cap-Vert<\/strong>les co\u00fbts et la dur\u00e9e approximative de chacun d'entre eux, ainsi que toutes les informations pratiques concernant <strong>vols int\u00e9rieurs au Cap-Vert<\/strong>, <strong>ferries entre les \u00eeles<\/strong>, e <strong>transport terrestre<\/strong> \u00e0 l'int\u00e9rieur de chaque \u00eele.<\/p><p data-sourcepos=\"9:1-9:75\"><strong>Pourquoi suis-je la bonne personne \u00e0 qui parler des transports au Cap-Vert ?<\/strong><\/p><p data-sourcepos=\"11:1-11:215\">Outre le fait que je suis n\u00e9, que j'ai grandi et que j'ai v\u00e9cu ici pratiquement toute ma vie, j'ai v\u00e9cu sur les trois \u00eeles les plus peupl\u00e9es, je connais toutes les \u00eeles habit\u00e9es et je me d\u00e9place r\u00e9guli\u00e8rement entre elles, que ce soit pour mes loisirs ou pour mon travail.<\/p><p data-sourcepos=\"13:1-13:142\">Apr\u00e8s avoir lu ce guide, vous aurez une vision claire des \u00e9l\u00e9ments suivants <strong>comment se rendre au Cap-Vert<\/strong> et vous pourrez mieux planifier votre itin\u00e9raire.<\/p><p data-sourcepos=\"15:1-15:225\">Avant de commencer, je vous sugg\u00e8re de lire rapidement notre article sur la <a href=\"https:\/\/feelcaboverde.com\/fr\/geographie-et-geologie-du-cap-vert\/\">g\u00e9ographie du Cap-Vert<\/a> pour mieux comprendre les itin\u00e9raires possibles. Cela dit, commen\u00e7ons \u00e0 voyager !<\/p><p data-sourcepos=\"15:1-15:225\">\u00a0<\/p><p data-sourcepos=\"15:1-15:225\">\u00a0<\/p><\/div><div dir=\"ltr\"><h1>De quoi avez-vous besoin pour vous rendre au Cap-Vert ?\u00a0<\/h1><p data-sourcepos=\"19:1-19:305\">Pour entrer au Cap-Vert en tant que touriste, vous avez g\u00e9n\u00e9ralement besoin d'un <strong>visa touristique pour le Cap-Vert<\/strong>. Il peut \u00eatre obtenu \u00e0 l'arriv\u00e9e \u00e0 l'a\u00e9roport, pour un co\u00fbt d'environ 20 euros, et permet \u00e0 son titulaire de s\u00e9journer au Portugal pour une dur\u00e9e maximale de 90 jours, avec la possibilit\u00e9 d'une prolongation pour la m\u00eame p\u00e9riode.<\/p><p data-sourcepos=\"21:1-21:253\">Pour des informations sp\u00e9cifiques sur <strong>Types de visas pour le Cap-Vert<\/strong>Pour plus d'informations sur les conditions de nationalit\u00e9 et les proc\u00e9dures de candidature, consultez notre page d\u00e9di\u00e9e. <a href=\"https:\/\/feelcaboverde.com\/fr\/visas-et-passeports\/\">Visas pour le Cap-Vert<\/a>.<\/p><p data-sourcepos=\"23:1-23:367\">En plus du visa (le cas \u00e9ch\u00e9ant), tous les ressortissants \u00e9trangers souhaitant se rendre au Cap-Vert doivent demander un <strong>s'inscrire \u00e0 l'avance en ligne via la plateforme <a href=\"https:\/\/registration.cv.zetes.com\/(S(gk2iisufwnuljtsfhs1nwpea))\/Pages\/CapeVerde\/PersonalInfo.aspx\" rel=\"nofollow noopener\" target=\"_blank\">EASE<\/a><\/strong> jusqu'\u00e0 5 jours avant le d\u00e9but du voyage et payer les frais de dossier. <strong>Taxe de s\u00e9curit\u00e9 a\u00e9roportuaire (TSA)<\/strong>. La valeur de la TSA est de 3400 ECV (environ 31 euros).<\/p><p data-sourcepos=\"25:1-25:208\">Voir notre page sur <strong><a href=\"https:\/\/feelcaboverde.com\/fr\/taxes-et-frais-pour-visiteurs\/\">taxes et redevances pour les visiteurs du Cap-Vert<\/a><\/strong>pour plus de d\u00e9tails, notamment sur la TSA et la taxe de s\u00e9jour.<\/p><p data-sourcepos=\"25:1-25:208\">\u00a0<\/p><h1>Comment se rendre au Cap-Vert ?\u00a0<\/h1><p data-sourcepos=\"29:1-29:245\">Il existe plusieurs <strong>itin\u00e9raires a\u00e9riens vers le Cap-Vert<\/strong> de diff\u00e9rents pays. Actuellement, la principale liaison a\u00e9rienne du Cap-Vert est Lisbonne. Cependant, le Cap-Vert a \u00e9galement des liaisons a\u00e9riennes avec d'autres villes europ\u00e9ennes, africaines et am\u00e9ricaines.<\/p><p data-sourcepos=\"31:1-31:204\">Pour savoir quelle est la meilleure fa\u00e7on de <strong>se rendre au Cap-Vert<\/strong>En fonction de votre pays d'origine, consultez notre page d\u00e9taill\u00e9e sur les <a href=\"https:\/\/feelcaboverde.com\/fr\/vols-pour-le-cap-vert\/\">se rendre au Cap-Vert<\/a>.<\/p><p data-sourcepos=\"31:1-31:204\">\u00a0<\/p><h2>A\u00e9roports du Cap-Vert<\/h2><p data-sourcepos=\"35:1-35:314\">La plupart des vols touristiques sont \u00e0 destination des \u00eeles de Sal et Boa Vista, et plusieurs voyagistes proposent des forfaits de voyage abordables vers ces \u00eeles. Cependant, il y a bien plus \u00e0 d\u00e9couvrir au Cap-Vert que les plages paradisiaques de ces deux \u00eeles, et il vaut la peine d'explorer d'autres possibilit\u00e9s.<\/p><p data-sourcepos=\"37:1-37:253\">Vous pouvez vous rendre au Cap-Vert en empruntant quatre itin\u00e9raires <strong><a href=\"https:\/\/feelcaboverde.com\/fr\/aeroports-du-cap-vert\/\">a\u00e9roports internationaux<\/a><\/strong>. Votre choix d\u00e9pendra des \u00eeles que vous souhaitez visiter et des activit\u00e9s que vous envisagez de faire. Voici les a\u00e9roports internationaux du Cap-Vert par lesquels vous pouvez entrer dans le pays :<\/p><ul data-sourcepos=\"39:1-43:0\"><li data-sourcepos=\"39:1-39:66\"><strong>A\u00e9roport international Am\u00edlcar Cabral (SID)<\/strong>sur l'\u00eele de Sal<\/li><li data-sourcepos=\"40:1-40:65\"><strong>A\u00e9roport international Ces\u00e1ria \u00c9vora (VXE)<\/strong>\u00e0 S\u00e3o Vicente<\/li><li data-sourcepos=\"41:1-41:75\"><strong>A\u00e9roport international Aristides Pereira (BVC)<\/strong>sur l'\u00eele de Boa Vista<\/li><li data-sourcepos=\"42:1-43:0\"><strong>A\u00e9roport international Nelson Mandela (RAI)<\/strong>\u00e0 Santiago<\/li><\/ul><p data-sourcepos=\"44:1-44:139\">Il y en a trois autres <strong><a href=\"https:\/\/feelcaboverde.com\/fr\/aeroports-du-cap-vert\/\">a\u00e9rodromes nationaux actifs<\/a><\/strong>qui sont de petits a\u00e9roports destin\u00e9s uniquement \u00e0 <strong>vols int\u00e9rieurs au Cap-Vert<\/strong>:<\/p><ul data-sourcepos=\"46:1-49:0\"><li data-sourcepos=\"46:1-46:52\"><strong>A\u00e9rodrome de S\u00e3o Filipe (SFL)<\/strong>sur l'\u00eele de Fogo<\/li><li data-sourcepos=\"47:1-47:46\"><strong>A\u00e9rodrome de Maio (MMO)<\/strong>sur l'\u00eele de Maio<\/li><li data-sourcepos=\"48:1-49:0\"><strong>A\u00e9rodrome de Pregui\u00e7a (SNE)<\/strong>sur l'\u00eele de S\u00e3o Nicolau<\/li><\/ul><h3 data-sourcepos=\"50:1-50:141\">\u00a0<\/h3><h2>Voyager en avion au Cap-Vert : vols int\u00e9rieurs<\/h2><p data-sourcepos=\"52:1-52:268\">O <strong>le transport a\u00e9rien de passagers et de fret \u00e0 l'int\u00e9rieur du Cap-Vert<\/strong> est actuellement r\u00e9alis\u00e9e par la soci\u00e9t\u00e9 <strong><a href=\"https:\/\/www.caboverdeairlines.com\/pt\/\" rel=\"nofollow noopener\" target=\"_blank\">Cabo Verde Airlines<\/a><\/strong>. Le diagramme ci-dessous montre le <strong>routes a\u00e9riennes nationales<\/strong> actuellement disponible.<\/p><figure id=\"attachment_5485\" aria-describedby=\"caption-attachment-5485\" style=\"width: 1379px\" class=\"wp-caption alignnone\"><img decoding=\"async\" src=\"http:\/\/feelcaboverde.com\/wp-content\/uploads\/2025\/03\/Rotas-aeres-de-cabo-verde.png\" alt=\"\" width=\"1379\" height=\"975\" \/><figcaption id=\"caption-attachment-5485\" class=\"wp-caption-text\"><br \/>Liaisons a\u00e9riennes int\u00e9rieures directes \u00e0 partir du Cap-Vert<\/figcaption><\/figure><p data-sourcepos=\"54:1-54:365\">Il y a <strong>vols int\u00e9rieurs<\/strong> reliant la capitale Praia, sur l'\u00eele de Santiago, \u00e0 presque toutes les autres \u00eeles, \u00e0 l'exception des \u00eeles de Santo Ant\u00e3o et Brava (accessibles uniquement par la mer). Cependant, il est facile et rapide de rejoindre ces deux \u00eeles par bateau depuis les \u00eeles voisines, respectivement S\u00e3o Vicente et Fogo. Je l'expliquerai en d\u00e9tail plus loin.<\/p><p data-sourcepos=\"56:1-56:162\">Le principal avantage de <strong>voyager en avion entre les \u00eeles<\/strong> est la courte dur\u00e9e du voyage. Mais pour ceux qui ont un budget limit\u00e9, ce n'est peut-\u00eatre pas la meilleure option.<\/p><h2>\u00a0<\/h2><h2>Quel est le co\u00fbt d'un vol entre les \u00eeles du Cap-Vert ?\u00a0<\/h2><p data-sourcepos=\"60:1-60:224\">Les frais de voyage entre les \u00eeles du Cap-Vert varient en fonction du mode de transport, de la distance entre les \u00eeles et de la date de r\u00e9servation. Dans les sections suivantes, je d\u00e9taille les co\u00fbts approximatifs par avion et par ferry ou bateau.<\/p><h3>\u00a0<\/h3><h3>Prix de r\u00e9f\u00e9rence pour les vols int\u00e9rieurs au Cap-Vert\u00a0<\/h3><p data-sourcepos=\"64:1-64:169\">Le tableau ci-dessous pr\u00e9sente les <strong>tarif de r\u00e9f\u00e9rence (\u00e9conomie)<\/strong> de <strong>Billets d'avion pour le Cap-Vert<\/strong>. Les prix peuvent augmenter en fonction de l'heure et du jour du voyage.<\/p><p data-sourcepos=\"66:1-66:180\"><strong>Attention :<\/strong> Les valeurs peuvent \u00eatre modifi\u00e9es, veuillez donc consulter le <a href=\"https:\/\/www.caboverdeairlines.com\/pt\/\" rel=\"nofollow noopener\" target=\"_blank\">op\u00e9rateur a\u00e9rien<\/a> pour les valeurs actualis\u00e9es .<\/p><div><div><div><div><table style=\"height: 1503px;\" width=\"431\" data-sourcepos=\"68:1-79:159\"><tbody><tr data-sourcepos=\"68:1-68:148\"><td><strong>Voyages a\u00e9riens<\/strong><\/td><td><strong>Code IATA ou ICAO <br \/>A\u00e9roports<\/strong><\/td><td><strong>Taux de base, sans frais <br \/>(aller simple)<\/strong><\/td><\/tr><tr data-sourcepos=\"70:1-70:151\"><td align=\"left\" data-sourcepos=\"70:1-70:47\">Plage - S\u00e3o Vicente \/ <br \/>S\u00e3o Vicente - Plage<\/td><td align=\"left\" data-sourcepos=\"70:49-70:85\">RAI - VXE \/ VXE - RAI<\/td><td align=\"left\" data-sourcepos=\"70:87-70:149\">A partir de 9864 CVE (~90 euros)<\/td><\/tr><tr data-sourcepos=\"71:1-71:151\"><td align=\"left\" data-sourcepos=\"71:1-71:47\">Plage - Sal \/ <br \/>Sel - Plage<\/td><td align=\"left\" data-sourcepos=\"71:49-71:85\">RAI - SID \/ SID - RAI<\/td><td align=\"left\" data-sourcepos=\"71:87-71:149\">A partir de 9364 CVE (~85 euros)<\/td><\/tr><tr data-sourcepos=\"72:1-72:151\"><td align=\"left\" data-sourcepos=\"72:1-72:47\">Plage - Boa Vista \/ <br \/>Boa Vista - Plage<\/td><td align=\"left\" data-sourcepos=\"72:49-72:85\">RAI - BVC \/ BVC - RAI<\/td><td align=\"left\" data-sourcepos=\"72:87-72:149\">A partir de 8964 CVE (~82 euros)<\/td><\/tr><tr data-sourcepos=\"73:1-73:151\"><td align=\"left\" data-sourcepos=\"73:1-73:47\">Praia - S\u00e3o Filipe \/<br \/>S\u00e3o Filipe - Praia<\/td><td align=\"left\" data-sourcepos=\"73:49-73:85\">RAI - SFL \/ SFL - RAI<\/td><td align=\"left\" data-sourcepos=\"73:87-73:149\">A partir de 7564 CVE (~69 euros)<\/td><\/tr><tr data-sourcepos=\"74:1-74:151\"><td align=\"left\" data-sourcepos=\"74:1-74:47\">Plage - Mai \/ <br \/>Mai - Plage<\/td><td align=\"left\" data-sourcepos=\"74:49-74:85\">RAI - MMO \/ MMO - RAI<\/td><td align=\"left\" data-sourcepos=\"74:87-74:149\">A partir de 2664 CVE (~25 euros)<\/td><\/tr><tr data-sourcepos=\"75:1-75:151\"><td align=\"left\" data-sourcepos=\"75:1-75:47\">Plage - S\u00e3o Nicolau \/ <br \/>S\u00e3o Nicolau - Plage<\/td><td align=\"left\" data-sourcepos=\"75:49-75:85\">RAI - SNE \/ SNE - RAI<\/td><td align=\"left\" data-sourcepos=\"75:87-75:149\">A partir de 5784 CVE (~53 euros)<\/td><\/tr><tr data-sourcepos=\"76:1-76:151\"><td align=\"left\" data-sourcepos=\"76:1-76:47\">Salt - St Vincent \/ <br \/>St Vincent - Sel<\/td><td align=\"left\" data-sourcepos=\"76:49-76:85\">SID - VXE \/ VXE - SID<\/td><td align=\"left\" data-sourcepos=\"76:87-76:149\">A partir de 9964 CVE (~91 euros)<\/td><\/tr><tr data-sourcepos=\"77:1-77:151\"><td align=\"left\" data-sourcepos=\"77:1-77:47\">Sel - Boa Vista\/ <br \/>Boa Vista - Sel<\/td><td align=\"left\" data-sourcepos=\"77:49-77:85\">SID - BVC \/ BVC - SID<\/td><td align=\"left\" data-sourcepos=\"77:87-77:149\">A partir de 5464 CVE (~50 euros)<\/td><\/tr><tr data-sourcepos=\"78:1-78:151\"><td align=\"left\" data-sourcepos=\"78:1-78:47\">Sel - S\u00e3o Nicolau \/ <br \/>S\u00e3o Nicolau - Sel<\/td><td align=\"left\" data-sourcepos=\"78:49-78:85\">SID - SNE \/ SNE - SID<\/td><td align=\"left\" data-sourcepos=\"78:87-78:149\">A partir de 5544 CVE (~50 euros)<\/td><\/tr><tr data-sourcepos=\"79:1-79:159\"><td align=\"left\" data-sourcepos=\"79:1-79:55\">St Vincent - St Nicolas \/ <br \/>S\u00e3o Nicolau - S\u00e3o Vicente<\/td><td align=\"left\" data-sourcepos=\"79:57-79:93\">VXE - SNE \/ SNE - VXE<\/td><td align=\"left\" data-sourcepos=\"79:95-79:157\">A partir de 4224 CVE (~38 euros)<\/td><\/tr><\/tbody><\/table><\/div><\/div><\/div><\/div><p data-sourcepos=\"81:1-81:226\">N'oubliez pas que pour les voyages aller-retour, le co\u00fbt sera approximativement le double du montant indiqu\u00e9 dans le tableau. Ces chiffres se r\u00e9f\u00e8rent au tarif de base hors taxes ; plus vous r\u00e9servez \u00e0 proximit\u00e9 du voyage, plus le billet sera cher.<\/p><p data-sourcepos=\"83:1-83:199\">Pour plus d'informations sur les horaires des vols, les diff\u00e9rents tarifs et les franchises de bagages, voir la page <a href=\"https:\/\/www.caboverdeairlines.com\/pt\/\" rel=\"nofollow noopener\" target=\"_blank\">Cabo Verde Airlines<\/a>.<\/p><p data-sourcepos=\"83:1-83:199\">\u00a0<\/p><h2><span style=\"color: inherit; font-family: inherit; font-size: 1.75rem; text-align: var(--text-align);\">Voyager en bateau ou en ferry au Cap-Vert\u00a0<\/span><\/h2><p data-sourcepos=\"103:1-103:311\">O <strong>le transport maritime de passagers et de marchandises entre les \u00eeles du Cap-Vert<\/strong> est r\u00e9alis\u00e9e principalement par l'entreprise <a href=\"http:\/\/www.interilhas.cv\" rel=\"nofollow noopener\" target=\"_blank\"><b>Cap Vert\u00a0<\/b><strong>Inter-\u00eeles<\/strong><\/a>\u00e0 l'exception de la ligne S\u00e3o Vicente-Santo Ant\u00e3o, qui est \u00e9galement exploit\u00e9e par la compagnie <strong><a href=\"https:\/\/nosferry.cv\/\" rel=\"nofollow noopener\" target=\"_blank\">Ferry<\/a>.<\/strong><\/p><p data-sourcepos=\"105:1-105:305\">La dur\u00e9e et les prix varient en fonction du bateau qui effectue le voyage. La dur\u00e9e et les prix varient en fonction du bateau qui effectue le voyage. <strong>ferries<\/strong> sont g\u00e9n\u00e9ralement plus rapides que les navires classiques. Pour certaines \u00eeles, il existe des lignes r\u00e9guli\u00e8res fixes, tandis que pour d'autres, la fr\u00e9quence est variable, ce qui n\u00e9cessite un peu plus de planification et de flexibilit\u00e9.<\/p><h3 data-sourcepos=\"85:1-85:110\">\u00a0<\/h3><h3 style=\"font-family: Helvetica, sans-serif; color: #7a7a7a;\" data-sourcepos=\"85:1-85:110\">Ports du Cap-Vert\u00a0<\/h3><p data-sourcepos=\"87:1-87:95\">Pour planifier votre itin\u00e9raire, vous devez conna\u00eetre les ports nationaux. <b>Toutes les \u00eeles habit\u00e9es ont des ports qui permettent de\u00a0<\/b><span style=\"font-weight: bolder;\">liaison maritime entre les \u00eeles<\/span>.<\/p><p data-sourcepos=\"89:1-89:38\">Les ports des \u00eeles du Cap-Vert sont les suivants :<\/p><ul style=\"font-size: 16px; background-color: #ffffff;\" data-sourcepos=\"91:1-100:0\"><li style=\"font-size: 16px;\" data-sourcepos=\"91:1-91:33\">Porto Novo, \u00eele de Santo Ant\u00e3o<\/li><li style=\"font-size: 16px;\" data-sourcepos=\"92:1-92:35\">Porto Grande, \u00eele de S\u00e3o Vicente<\/li><li style=\"font-size: 16px;\" data-sourcepos=\"93:1-93:40\">Port de Tarrafal, \u00eele de S\u00e3o Nicolau<\/li><li style=\"font-size: 16px;\" data-sourcepos=\"94:1-94:32\">Port de Palmeira, \u00eele de Sal<\/li><li style=\"font-size: 16px;\" data-sourcepos=\"95:1-95:34\">Porto Sal-Rei, \u00eele de Boa Vista<\/li><li style=\"font-size: 16px;\" data-sourcepos=\"96:1-96:28\">Porto Ingl\u00eas, \u00eele de Maio<\/li><li style=\"font-size: 16px;\" data-sourcepos=\"97:1-97:34\">Port de Praia, \u00eele de Santiago<\/li><li style=\"font-size: 16px;\" data-sourcepos=\"98:1-98:37\">Porto Vale Cavaleiros, \u00eele de Fogo<\/li><li style=\"font-size: 16px;\" data-sourcepos=\"99:1-100:0\">Port de Furna, \u00eele de Brava<\/li><\/ul><p data-sourcepos=\"107:1-107:173\">\u00a0<\/p><p data-sourcepos=\"107:1-107:173\">La figure suivante montre les routes maritimes dans l'archipel effectu\u00e9es par la compagnie Cabo Verde Interilhas.<\/p><figure id=\"attachment_5486\" aria-describedby=\"caption-attachment-5486\" style=\"width: 4500px\" class=\"wp-caption alignnone\"><img decoding=\"async\" src=\"http:\/\/feelcaboverde.com\/wp-content\/uploads\/2025\/03\/Rotas-maritimas-entre-as-ilhas-de-Cabo-Verde.png\" alt=\"Voies maritimes entre les \u00eeles du Cap-Vert\" width=\"4500\" height=\"4500\" \/><figcaption id=\"caption-attachment-5486\" class=\"wp-caption-text\">Voies maritimes entre les \u00eeles du Cap-Vert. Source : <a href=\"https:\/\/www.cvinterilhas.cv\/routesschedules\" rel=\"nofollow noopener\" target=\"_blank\">Cap Vert Inter-\u00eeles<\/a><\/figcaption><\/figure><p data-sourcepos=\"109:1-109:100\">\u00a0<\/p><p data-sourcepos=\"109:1-109:100\">Cela peut sembler un peu confus \u00e0 premi\u00e8re vue, c'est pourquoi je vais expliquer les lignes existantes en d\u00e9tail :<\/p><ul data-sourcepos=\"111:1-115:0\"><li data-sourcepos=\"111:1-111:127\"><strong>Ligne au vent :<\/strong> Elle relie Santo Ant\u00e3o \u00e0 S\u00e3o Vicente. C'est la ligne la plus r\u00e9guli\u00e8re et la plus fiable, avec deux trajets par jour.<\/li><li data-sourcepos=\"112:1-112:179\"><strong>Ligne ronde :<\/strong> Il relie S\u00e3o Vicente - S\u00e3o Nicolau - Sal - Boa Vista - Santiago. Il fonctionne normalement deux fois par semaine, reliant les \u00eeles <a href=\"https:\/\/feelcaboverde.com\/fr\/geographie-et-geologie-du-cap-vert\/\">Au vent et sous le vent<\/a>.<\/li><li data-sourcepos=\"113:1-113:155\"><strong>Ligne sous le vent :<\/strong> La ligne est Maio - Santiago - Fogo - Brava. Elle fonctionne g\u00e9n\u00e9ralement trois fois par semaine, reliant les \u00eeles du sud (\u00eeles Sotavento).<\/li><li data-sourcepos=\"114:1-115:0\"><strong>Ligne rectangulaire :<\/strong> L'itin\u00e9raire est le suivant : S\u00e3o Vicente - S\u00e3o Nicolau - Santiago - Fogo - S\u00e3o Vicente.<\/li><\/ul><h4 data-sourcepos=\"116:1-116:129\">\u00a0<\/h4><div><h3 style=\"font-family: Helvetica, sans-serif; color: #7a7a7a;\">Planifier une excursion en bateau au Cap-Vert\u00a0<\/h3><p data-sourcepos=\"167:1-167:77\"><span style=\"color: var( --e-global-color-text ); font-family: var( --e-global-typography-text-font-family ), Sans-serif; font-weight: var( --e-global-typography-text-font-weight ); text-align: var(--text-align); font-size: 1rem;\">Il n'est pas toujours possible d'acheter des billets de bateau entre les \u00eeles longtemps \u00e0 l'avance (plusieurs mois). En effet, la compagnie maritime ne publie g\u00e9n\u00e9ralement les horaires de voyage qu'\u00e0 la fin de chaque mois, pour le mois suivant. Toutefois, pour les itin\u00e9raires \u00e0 jours fixes, il est possible d'acheter \u00e0 l'avance sur le site web.<\/span><\/p><p data-sourcepos=\"167:1-167:77\"><span style=\"color: var( --e-global-color-text ); font-family: var( --e-global-typography-text-font-family ), Sans-serif; font-weight: var( --e-global-typography-text-font-weight ); text-align: var(--text-align); font-size: 1rem;\">Pour conna\u00eetre les dates et heures d\u00e9taill\u00e9es de chaque voyage maritime, vous pouvez consulter le site internet de la Commission europ\u00e9enne.\u00a0<a href=\"http:\/\/www.interilhas.cv\/\" rel=\"nofollow noopener\" target=\"_blank\">Cap Vert Inter-\u00eeles<\/a>dans le menu \"Itin\u00e9raires et horaires\".<\/span><\/p><figure id=\"attachment_5497\" aria-describedby=\"caption-attachment-5497\" style=\"width: 1428px\" class=\"wp-caption alignnone\"><img decoding=\"async\" src=\"http:\/\/feelcaboverde.com\/wp-content\/uploads\/2025\/03\/Rotas-e-horarios-Cabo-Verde-Interilhas.png\" alt=\"\" width=\"1428\" height=\"864\" \/><figcaption id=\"caption-attachment-5497\" class=\"wp-caption-text\">Les itin\u00e9raires et les horaires des lignes maritimes int\u00e9rieures du Cap-Vert sont publi\u00e9s sur le site web. Source : Cabo Verde Interilhas<\/figcaption><\/figure><p data-sourcepos=\"167:1-167:77\"><span style=\"color: var( --e-global-color-text ); font-family: var( --e-global-typography-text-font-family ), Sans-serif; font-size: 1rem; font-weight: var( --e-global-typography-text-font-weight ); text-align: var(--text-align);\">\u00a0<\/span><\/p><p data-sourcepos=\"167:1-167:77\"><span style=\"color: var( --e-global-color-text ); font-family: var( --e-global-typography-text-font-family ), Sans-serif; font-size: 1rem; font-weight: var( --e-global-typography-text-font-weight ); text-align: var(--text-align);\">Dans le fichier .pdf \u00e0 t\u00e9l\u00e9charger, vous trouverez le programme de voyage du mois en cours. Si vous \u00eates \u00e0 la fin du mois, le programme du mois suivant est peut-\u00eatre d\u00e9j\u00e0 disponible.<\/span><\/p><p data-sourcepos=\"167:1-167:77\">Vous pouvez acheter des billets de bateau pour voyager entre les \u00eeles du Cap-Vert directement sur le site de Cabo Verde Interilhas et, pour la ligne S\u00e3o Vicente - Santo Ant\u00e3o, sur le site de Cabo Verde Interilhas.\u00a0<a href=\"http:\/\/www.nosferry.cv\/\" rel=\"nofollow noopener\" target=\"_blank\">Ferry<\/a>.\u00a0<\/p><p data-sourcepos=\"167:1-167:77\">Cependant, je ne conseille d'acheter en ligne que si vous \u00eates s\u00fbr de ne pas vouloir changer le billet. La modification des billets achet\u00e9s en ligne est compliqu\u00e9e, elle ne peut se faire que par courrier \u00e9lectronique et, d'apr\u00e8s mon exp\u00e9rience, la r\u00e9ponse n'est pas tr\u00e8s rapide. Si vous n'\u00eates pas s\u00fbr des dates et que vous pensez avoir besoin d'un changement, il est pr\u00e9f\u00e9rable d'acheter au point de vente dans les ports ou par l'interm\u00e9diaire d'une agence de voyage locale.<\/p><p data-sourcepos=\"167:1-167:77\">Pour les demandes d'information et l'assistance \u00e0 la client\u00e8le, Cabo Verde Interilhas dispose \u00e9galement d'une ligne t\u00e9l\u00e9phonique disponible 7 jours sur 7, de 8h \u00e0 22h (heure de Cabo Verde). Au moment de la r\u00e9daction du pr\u00e9sent document, il n'\u00e9tait pas possible de modifier les billets par t\u00e9l\u00e9phone.<\/p><p data-sourcepos=\"167:1-167:77\">Le t\u00e9l\u00e9phone de\u00a0<span style=\"font-weight: bold;\">Le contact (centre d'appel) pour Cabo Verde Interilhas est +238 3500330<\/span>. Pour obtenir des informations sur les adresses et les lignes t\u00e9l\u00e9phoniques locales,\u00a0<a href=\"https:\/\/www.cvinterilhas.cv\/contacts\" rel=\"nofollow noopener\" target=\"_blank\">voir la page sp\u00e9cifique de l'entreprise<\/a>.<\/p><p data-sourcepos=\"167:1-167:77\">\u00a0<\/p><\/div><h4 data-sourcepos=\"116:1-116:129\">\u00a0<\/h4><h4 data-sourcepos=\"116:1-116:129\">Se rendre \u00e0 Santo Ant\u00e3o en bateau\u00a0<\/h4><ul style=\"padding-inline-start: 48px;\"><li data-sourcepos=\"118:1-118:63\"><strong>Ligne au vent :<\/strong> S\u00e3o Vicente - Santo Ant\u00e3o - S\u00e3o Vicente<\/li><li data-sourcepos=\"119:1-120:0\"><strong>Fr\u00e9quence :<\/strong> Tous les jours, 4 trajets par jour<\/li><\/ul><\/div><div><div dir=\"ltr\"><p data-sourcepos=\"1:1-1:60\">Tout \u00e0 fait ! Voici la table refaite \u00e0 l'identique :<\/p><div><div><div><div><table data-sourcepos=\"3:1-6:235\"><tbody><tr data-sourcepos=\"3:1-3:216\"><td><strong>Extrait<\/strong><\/td><td><strong>Entreprise 1 (du lundi au samedi)<\/strong><\/td><td><strong>Entreprise 1 (dimanche)<\/strong><\/td><td><strong>Entreprise 2 (du lundi au samedi)<\/strong><\/td><td><strong>Entreprise 2 (dimanche)<\/strong><\/td><td><strong>Dur\u00e9e du trajet<\/strong><\/td><td><strong>Tarif<\/strong><\/td><\/tr><tr data-sourcepos=\"5:1-5:234\"><td align=\"left\" data-sourcepos=\"5:1-5:27\">S\u00e3o Vicente - Santo Ant\u00e3o<\/td><td align=\"left\" data-sourcepos=\"5:29-5:59\">Matin : 7h \/ Apr\u00e8s-midi : 14h<\/td><td align=\"left\" data-sourcepos=\"5:61-5:84\">Matin : 9h00 \/ Apr\u00e8s-midi : 17h00<\/td><td align=\"left\" data-sourcepos=\"5:86-5:116\">Matin : 8h \/ Apr\u00e8s-midi : 15h<\/td><td align=\"left\" data-sourcepos=\"5:118-5:141\">Matin : 9h00 \/ Apr\u00e8s-midi : 17h00<\/td><td align=\"left\" data-sourcepos=\"5:143-5:160\">50 \u00e0 60 minutes<\/td><td align=\"left\" data-sourcepos=\"5:162-5:232\"><p>National : 950 escudos\u00a0<\/p><p>\u00c9trangers : 1500 escudos (~14 euros)<\/p><\/td><\/tr><tr data-sourcepos=\"6:1-6:235\"><td align=\"left\" data-sourcepos=\"6:1-6:27\">Santo Ant\u00e3o - S\u00e3o Vicente<\/td><td align=\"left\" data-sourcepos=\"6:29-6:59\">Matin : 9h00 \/ Apr\u00e8s-midi : 16h00<\/td><td align=\"left\" data-sourcepos=\"6:61-6:84\">Matin : 8h \/ Apr\u00e8s-midi : 15h<\/td><td align=\"left\" data-sourcepos=\"6:86-6:116\">Matin : 9h00 \/ Apr\u00e8s-midi : 16h00<\/td><td align=\"left\" data-sourcepos=\"6:118-6:142\">Matin : 11 heures \/ Apr\u00e8s-midi : 19 heures<\/td><td align=\"left\" data-sourcepos=\"6:144-6:161\">50 \u00e0 60 minutes<\/td><td align=\"left\" data-sourcepos=\"6:163-6:233\"><p>National : 950 escudos\u00a0<\/p><p>\u00c9trangers : 1500 escudos (~14 euros)<\/p><\/td><\/tr><\/tbody><\/table><\/div><\/div><\/div><\/div><\/div><\/div><div>\u00a0<\/div><div dir=\"ltr\"><p data-sourcepos=\"126:1-126:266\">Les heures de d\u00e9part peuvent alterner entre les deux compagnies, je vous conseille donc de v\u00e9rifier les horaires de voyage des compagnies suivantes <strong><a href=\"http:\/\/www.nosferry.cv\" rel=\"nofollow noopener\" target=\"_blank\">Ferry<\/a><\/strong> \u00a0et <strong><a href=\"http:\/\/www.interilhas.cv\" rel=\"nofollow noopener\" target=\"_blank\">Cap Vert Inter-\u00eeles<\/a><\/strong>\u00a0lors de la pr\u00e9paration de votre voyage.<\/p><h4 data-sourcepos=\"128:1-128:166\">\u00a0<\/h4><h4 data-sourcepos=\"128:1-128:166\">Se rendre \u00e0 S\u00e3o Nicolau en bateau\u00a0<\/h4><div><span style=\"color: var( --e-global-color-text ); font-family: var( --e-global-typography-text-font-family ), Sans-serif; font-weight: var( --e-global-typography-text-font-weight ); text-align: var(--text-align); font-size: 1rem;\">Il n'y a pas d'a\u00e9roport international sur l'\u00eele de S\u00e3o Nicolau. Pour s'y rendre, il faut donc prendre un vol int\u00e9rieur ou voyager par mer. Par la mer, vous pouvez partir de S\u00e3o Vicente, Sal ou Santiago.<\/span><\/div><ul data-sourcepos=\"132:1-141:0\"><li data-sourcepos=\"132:1-134:90\"><strong>St Vincent - St Nicolas<\/strong><br \/><ul data-sourcepos=\"133:5-134:90\"><li data-sourcepos=\"133:5-133:139\"><strong>Fr\u00e9quence :<\/strong> Environ deux fois par semaine (ligne ronde). Il peut y avoir un troisi\u00e8me voyage tous les quinze jours (ligne rectangulaire).<\/li><li data-sourcepos=\"134:5-134:90\"><strong>Prix :<\/strong> 1900 escudos pour les nationaux et 2850 escudos (~26 euros) pour les \u00e9trangers.<\/li><\/ul><\/li><li data-sourcepos=\"135:1-137:90\"><strong>Sel - S\u00e3o Nicolau<\/strong><br \/><ul data-sourcepos=\"136:5-137:90\"><li data-sourcepos=\"136:5-136:73\"><strong>Fr\u00e9quence :<\/strong> Environ deux fois par semaine (Linha Redonda).<\/li><li data-sourcepos=\"137:5-137:90\"><strong>Prix :<\/strong> 3260 escudos pour les nationaux et 4880 escudos (~45 euros) pour les \u00e9trangers.<\/li><\/ul><\/li><li data-sourcepos=\"138:1-141:0\"><strong>Santiago - S\u00e3o Nicolau<\/strong><br \/><ul data-sourcepos=\"139:5-141:0\"><li data-sourcepos=\"139:5-139:73\"><strong>Fr\u00e9quence :<\/strong> Environ deux fois par semaine (Linha Redonda).<\/li><li data-sourcepos=\"140:5-141:0\"><strong>Prix :<\/strong> 3330 escudos pour les nationaux et 5000 escudos (~46 euros) pour les \u00e9trangers.<\/li><\/ul><\/li><\/ul><p data-sourcepos=\"142:1-142:192\">\u00a0<\/p><p data-sourcepos=\"142:1-142:192\">Bien que deux lignes relient S\u00e3o Nicolau, les trajets vers cette \u00eele peuvent parfois changer. Une agence de voyage locale peut vous aider \u00e0 planifier votre voyage en toute s\u00e9curit\u00e9.<\/p><p data-sourcepos=\"144:1-144:447\"><strong>Mon conseil :<\/strong> S\u00e3o Nicolau m\u00e9rite d'\u00eatre incluse dans votre itin\u00e9raire de voyage au Cap-Vert. C'est une \u00eele riche en culture, avec des gens accueillants et de nombreux sites int\u00e9ressants \u00e0 visiter. Deux des sept merveilles du Cap-Vert (<a href=\"https:\/\/feelcaboverde.com\/fr\/carbeirinho-ile-de-sao-nicolau\/\">Carbeirinho<\/a> e <a href=\"https:\/\/feelcaboverde.com\/fr\/parc-naturel-de-monte-gordo-ile-de-sao-nicolau\/\">Monte Gordo<\/a>) se trouvent sur cette \u00eele. De plus, S\u00e3o Nicolau est encore peu explor\u00e9e sur le plan touristique, ce qui permet de vivre une exp\u00e9rience capverdienne plus authentique. Une \u00eele \u00e0 savourer en toute s\u00e9r\u00e9nit\u00e9 !<\/p><h4 data-sourcepos=\"146:1-146:95\">\u00a0<\/h4><h4 data-sourcepos=\"146:1-146:95\">Se rendre \u00e0 l'\u00eele de Maio en bateau<\/h4><p data-sourcepos=\"148:1-148:98\">L'\u00eele de Maio n'est accessible par la mer qu'\u00e0 partir de Santiago, via la ligne Sotavento.<\/p><ul data-sourcepos=\"150:1-153:0\"><li data-sourcepos=\"150:1-150:97\"><strong>Fr\u00e9quence :<\/strong> Environ 3 fois par semaine (g\u00e9n\u00e9ralement les mercredis, vendredis et dimanches).<\/li><li data-sourcepos=\"151:1-151:25\"><strong>Dur\u00e9e de l'enqu\u00eate :<\/strong> 1h45 \u00e0 2h.<\/li><li data-sourcepos=\"152:1-153:0\"><strong>Prix :<\/strong> 1530 escudos pour les nationaux et 2300 escudos (~21 euros) pour les \u00e9trangers.<\/li><\/ul><p data-sourcepos=\"154:1-154:270\">La<a href=\"https:\/\/feelcaboverde.com\/fr\/mai\/\"> \u00eele de Maio<\/a> est une autre perle peu explor\u00e9e, pleine de plages paradisiaques et peu fr\u00e9quent\u00e9es, id\u00e9ale pour ceux qui aiment un tourisme plus local. Si vous visitez l'\u00eele de Santiago et que vous avez un peu de temps \u00e0 perdre, ne manquez pas de visiter Maio. Cela en vaut la peine !<\/p><h4 data-sourcepos=\"156:1-156:95\">\u00a0<\/h4><h4 data-sourcepos=\"156:1-156:95\">Se rendre \u00e0 l'\u00eele Fogo en bateau\u00a0<\/h4><p data-sourcepos=\"158:1-158:66\">La liaison directe par bateau avec l'\u00eele de Fogo se fait \u00e0 partir de Santiago.<\/p><ul data-sourcepos=\"160:1-164:0\"><li data-sourcepos=\"160:1-160:21\"><strong>Santiago - Fogo<\/strong><\/li><li data-sourcepos=\"161:1-161:71\"><strong>Fr\u00e9quence :<\/strong> Environ 4 fois par semaine (ligne Sotavento).<\/li><li data-sourcepos=\"162:1-162:71\"><strong>Dur\u00e9e de l'enqu\u00eate :<\/strong> 3 \u00e0 4 heures (la mer entre ces deux \u00eeles peut \u00eatre agit\u00e9e).<\/li><li data-sourcepos=\"163:1-164:0\"><strong>Prix :<\/strong> 2980 escudos pour les nationaux et 4450 escudos (~41 euros) pour les \u00e9trangers.<\/li><\/ul><h4 data-sourcepos=\"165:1-165:94\">\u00a0<\/h4><h4 data-sourcepos=\"165:1-165:94\">Se rendre \u00e0 l'\u00eele de Brava en bateau\u00a0<\/h4><p data-sourcepos=\"167:1-167:77\">Le seul moyen de se rendre sur l'\u00eele de Brava est de prendre un bateau depuis l'\u00eele de F<span style=\"text-align: var(--text-align);\">ogo. Comme il n'y a pas d'a\u00e9rodrome actif sur l'\u00eele, il n'y a aucun moyen de s'y rendre en avion.<\/span><\/p><ul><li><b>Feu - Brava<\/b><\/li><li><b>Fr\u00e9quence<\/b>Environ 3 fois par semaine (ligne Sotavento).<\/li><li><b>La dur\u00e9e<\/b>40 \u00e0 50 minutes.<\/li><li><b>Prix<\/b>950 escudos pour les nationaux et 1500 escudos (~14 euros) pour les \u00e9trangers.<\/li><\/ul><p data-sourcepos=\"167:1-167:77\"><span style=\"color: var( --e-global-color-text ); font-family: var( --e-global-typography-text-font-family ), Sans-serif; font-weight: var( --e-global-typography-text-font-weight ); text-align: var(--text-align); font-size: 1rem;\">\u00a0<\/span><\/p><p data-sourcepos=\"167:1-167:77\"><span style=\"color: var( --e-global-color-text ); font-family: var( --e-global-typography-text-font-family ), Sans-serif; font-weight: var( --e-global-typography-text-font-weight ); text-align: var(--text-align); font-size: 1rem;\">En de rares occasions au cours de l'ann\u00e9e, les voyages de Fogo \u00e0 Brava peuvent \u00eatre temporairement suspendus pour des raisons m\u00e9t\u00e9orologiques qui rendent difficile l'accostage \u00e0 Porto da Furna sur Brava. Si vous souhaitez visiter cette \u00eele magnifique, renseignez-vous au pr\u00e9alable aupr\u00e8s d'une agence de voyage.<\/span><\/p><p data-sourcepos=\"167:1-167:77\"><span style=\"color: var( --e-global-color-text ); font-family: var( --e-global-typography-text-font-family ), Sans-serif; font-weight: var( --e-global-typography-text-font-weight ); text-align: var(--text-align); font-size: 1rem;\">Je recommande vivement de faire connaissance avec <a href=\"https:\/\/feelcaboverde.com\/fr\/brava\/\">Brava<\/a>. Surnomm\u00e9e \"l'\u00eele des fleurs\" et \"des belles femmes\", Brava combine des piscines naturelles, des sentiers fantastiques et un climat plus agr\u00e9able (moins chaud) que les autres \u00eeles. Si vous visitez Fogo ou Santiago, ne manquez pas de faire un tour \u00e0 Brava. L'\u00eele est petite, et en deux ou trois jours, vous pouvez en faire le tour ! Pour les amateurs de randonn\u00e9e, il est pr\u00e9f\u00e9rable de prendre plus de temps pour d\u00e9couvrir l'\u00eele et profiter des vues fantastiques sans se presser.<\/span><\/p><p data-sourcepos=\"167:1-167:77\"><span style=\"color: var( --e-global-color-text ); font-family: var( --e-global-typography-text-font-family ), Sans-serif; font-weight: var( --e-global-typography-text-font-weight ); text-align: var(--text-align); font-size: 1rem;\">\u00a0<\/span><\/p><h2><span style=\"color: inherit; font-family: inherit; font-size: 1.75rem; text-align: var(--text-align);\">Cela vaut-il la peine de voyager en bateau entre les \u00eeles du Cap-Vert ?<\/span><\/h2><p data-sourcepos=\"167:1-167:77\">Voyager en bateau entre les \u00eeles est consid\u00e9rablement moins cher, mais \u00e9videmment plus long et, pour certains, moins agr\u00e9able. Pour ceux qui n'en ont pas l'habitude mais qui souhaitent vraiment s'aventurer en mer, il est conseill\u00e9 d'emporter un m\u00e9dicament contre les naus\u00e9es.<\/p><p data-sourcepos=\"167:1-167:77\">Les excursions en bateau sont une bonne option si vous disposez du temps n\u00e9cessaire et si vous \u00eates pr\u00eat \u00e0 organiser la logistique, qui est la partie la moins amusante (du moins pour certains). \u00c0 l'exception du tron\u00e7on S\u00e3o Vicente - Santo Ant\u00e3o, qui est assez r\u00e9gulier, la plupart des autres itin\u00e9raires sont moins fr\u00e9quents et ont tendance \u00e0 subir des retards occasionnels.<\/p><p data-sourcepos=\"167:1-167:77\">En 2021, j'ai fait le tour de toutes les \u00eeles habit\u00e9es, principalement en bateau. Le fait que je vive ici et que je sache comment les choses fonctionnent facilite le processus. Mais la logistique reste exigeante. D\u00e9l\u00e9guer la logistique \u00e0 une agence de voyage locale facilite grandement les d\u00e9placements.<\/p><h2>\u00a0<\/h2><h2>Comment se d\u00e9placer dans chaque \u00eele du Cap-Vert<\/h2><p data-sourcepos=\"167:1-167:77\">Le moyen le moins cher de se d\u00e9placer dans chaque \u00eele du Cap-Vert <b>utilise les transports publics<\/b>. Il existe diff\u00e9rentes options, qui varient d'une \u00eele \u00e0 l'autre.<\/p><p data-sourcepos=\"167:1-167:77\">Il n'y a pas de transport ferroviaire au Cap-Vert, mais uniquement des transports routiers.<\/p><h3>\u00a0<\/h3><h3>Voyager en autobus ou en autocar au Cap-Vert<\/h3><p data-sourcepos=\"167:1-167:77\"><b>A St Vincent et Santiago<\/b>les \u00eeles les plus peupl\u00e9es, est<b> vous pouvez vous d\u00e9placer dans la ville principale en bus ou en autocar<\/b>. Les arr\u00eats sont signal\u00e9s par la lettre P, et certains disposent parfois d'un abri. Les chauffeurs s'arr\u00eatent toujours \u00e0 chaque arr\u00eat. Le tarif est d'environ 45 escudos (environ 0,50 euros).<\/p><p data-sourcepos=\"167:1-167:77\">Il n'existe pas d'application ou d'autre source d'information compl\u00e8te sur la ligne de bus. Par cons\u00e9quent, le bus n'est peut-\u00eatre pas l'option la plus viable pour les nouveaux arrivants ou ceux qui ne connaissent pas la r\u00e9gion, \u00e0 moins qu'ils ne soient en compagnie d'un r\u00e9sident ou qu'ils n'h\u00e9sitent pas \u00e0 demander leur chemin.<\/p><p data-sourcepos=\"167:1-167:77\">Cependant, il n'y a qu'un service de bus dans la partie urbaine de ces \u00eeles : Mindelo (\u00e0 S\u00e3o Vicente) et Praia (Santiago). Pour les parties rurales ou int\u00e9rieures de ces \u00eeles, il faut utiliser d'autres moyens.<\/p><p data-sourcepos=\"167:1-167:77\">\u00a0<\/p><\/div><div dir=\"ltr\"><h3>\u00a0<\/h3><h3>Voyager en camionnettes et minivans (Hiace) au Cap-Vert\u00a0<\/h3><p data-sourcepos=\"167:1-167:77\">Toutes les \u00eeles ont <b>Hiaces ou \"rent\" (location)<\/b> (fourgonnettes de 12 \u00e0 15 places) qui circulent \u00e0 la fois dans les villes et entre les villes et les villages. L'itin\u00e9raire ou le lieu de destination est g\u00e9n\u00e9ralement inscrit \u00e0 l'ext\u00e9rieur de la voiture.<\/p><figure id=\"attachment_5562\" aria-describedby=\"caption-attachment-5562\" style=\"width: 2560px\" class=\"wp-caption alignnone\"><img decoding=\"async\" src=\"http:\/\/feelcaboverde.com\/wp-content\/uploads\/2025\/04\/Transporte-hiace-praca-estrela_Mindelo-scaled.jpeg\" alt=\"Transport hiace praca estrela_Mindelo\" width=\"2560\" height=\"1705\" \/><figcaption id=\"caption-attachment-5562\" class=\"wp-caption-text\">Transport en Hiace depuis le point de d\u00e9part \u00e0 Pra\u00e7a Estrela, ville de Mindelo.<\/figcaption><\/figure><p data-sourcepos=\"167:1-167:77\">\u00a0<\/p><p data-sourcepos=\"167:1-167:77\">Les hiaces prennent g\u00e9n\u00e9ralement des passagers \u00e0 des endroits sp\u00e9cifiques de la ville, mais ceux-ci ne sont pas officiellement signal\u00e9s. Dans la ville de Praia, les hiaces partent g\u00e9n\u00e9ralement du march\u00e9 de Sucupira pour le reste de l'\u00eele.<\/p><p data-sourcepos=\"167:1-167:77\">Les hiaces n'ont pas d'heure de d\u00e9part fixe. Les chauffeurs ont tendance \u00e0 attendre que la voiture soit plus ou moins pleine avant de commencer le voyage. Ils s'arr\u00eatent en cours de route pour d\u00e9poser des passagers sur demande (il suffit de demander l'arr\u00eat lorsque vous arrivez \u00e0 destination) et pour en prendre d'autres en cours de route.<\/p><p data-sourcepos=\"167:1-167:77\">Le prix des hiaces varie fortement en fonction de la distance. Pour les trajets entre villes, par exemple d'un port d'entr\u00e9e \u00e0 un village ou entre villes, il faut compter en moyenne 300 escudos par personne (~3 euros). Le prix peut \u00eatre inf\u00e9rieur pour les petits trajets \u00e0 l'int\u00e9rieur d'une ville ; par exemple, \u00e0 Praia, je paie entre 50 et 100 escudos (~0,50 \u00e0 1 euro) pour certains petits trajets \u00e0 l'int\u00e9rieur de la ville.<\/p><p data-sourcepos=\"167:1-167:77\">Pour les longs trajets, le prix est plus \u00e9lev\u00e9. Par exemple, le prix d'une voiture de Praia \u00e0 Tarrafal est d'environ 700 escudos (~7 euros) par passager.<\/p><p data-sourcepos=\"167:1-167:77\">Pour les questions sp\u00e9cifiques concernant les hiaces, je vous sugg\u00e8re de vous adresser \u00e0 la r\u00e9ception de l'h\u00f4tel ou de l'auberge o\u00f9 vous s\u00e9journez. Ils seront g\u00e9n\u00e9ralement en mesure de vous renseigner.<\/p><p data-sourcepos=\"167:1-167:77\">\u00a0<\/p><\/div><div dir=\"ltr\"><h3>\u00a0<\/h3><h3>Fourgonnettes ou pick-ups au Cap-Vert\u00a0<\/h3><p data-sourcepos=\"167:1-167:77\">Dans certains endroits, le transport se fait dans des **carrinhas**, qui sont des voitures \u00e0 toit ouvert de type pick-up, g\u00e9n\u00e9ralement \u00e9quip\u00e9es de bancs en bois \u00e0 l'arri\u00e8re pour le transport des passagers.<\/p><p data-sourcepos=\"167:1-167:77\">Pour se rendre \u00e0 Tarrafal depuis le Monte Trigo \u00e0 Santo Ant\u00e3o (l'un de mes endroits pr\u00e9f\u00e9r\u00e9s au monde !), le transport se fait g\u00e9n\u00e9ralement dans ces camionnettes et le prix est de 700 escudos (~7 euros) par personne.<\/p><h3><span style=\"color: inherit; font-family: inherit; font-size: 1.75rem; text-align: var(--text-align);\">\u00a0<\/span><\/h3><h3><span style=\"color: inherit; font-family: inherit; font-size: 1.75rem; text-align: var(--text-align);\">Taxis au Cap-Vert\u00a0<\/span><\/h3><p data-sourcepos=\"167:1-167:77\"><b>Taxis<\/b>\u00a0sont pr\u00e9sents dans presque toutes les zones urbaines du Cap-Vert. Ils sont facilement identifiables gr\u00e2ce au panneau situ\u00e9 sur le c\u00f4t\u00e9 ou sur le toit de la voiture. Sur certaines \u00eeles, les taxis ont tendance \u00e0 avoir la m\u00eame couleur, ce qui les rend faciles \u00e0 identifier.<\/p><figure id=\"attachment_5540\" aria-describedby=\"caption-attachment-5540\" style=\"width: 2560px\" class=\"wp-caption alignnone\"><img decoding=\"async\" src=\"http:\/\/feelcaboverde.com\/wp-content\/uploads\/2025\/03\/Taxi-na-ilha-do-Sal-Cabo-Verde-scaled.jpeg\" alt=\"Taxi sur l&#039;\u00eele de Sal Cap Vert\" width=\"2560\" height=\"1920\" \/><figcaption id=\"caption-attachment-5540\" class=\"wp-caption-text\">Taxi sur l'\u00eele de Sal, Cap-Vert<\/figcaption><\/figure><p data-sourcepos=\"167:1-167:77\"><span style=\"font-size: 1rem; text-align: var(--text-align);\">\u00a0<\/span><\/p><p data-sourcepos=\"167:1-167:77\"><span style=\"font-size: 1rem; text-align: var(--text-align);\">Les prix des taxis au Cap-Vert sont g\u00e9n\u00e9ralement abordables. Ils commencent \u00e0 environ 150 escudos (1,5 euros) pour les courtes distances. Vous pouvez vous attendre \u00e0 payer jusqu'\u00e0 environ 300 escudos (3 euros) pour de plus longues distances \u00e0 l'int\u00e9rieur d'une localit\u00e9. D'une ville \u00e0 l'autre, le prix sera plus \u00e9lev\u00e9, en fonction de la destination finale.<\/span><\/p><p data-sourcepos=\"167:1-167:77\"><b>Conseil<\/b>Avant de monter dans le taxi, demandez toujours au chauffeur combien il vous en co\u00fbtera pour arriver \u00e0 votre destination. Si vous estimez que le prix est trop \u00e9lev\u00e9, vous pouvez essayer de n\u00e9gocier ou d'en attendre un autre.<\/p><p data-sourcepos=\"167:1-167:77\">Les taxis au d\u00e9part et \u00e0 destination des a\u00e9roports sont g\u00e9n\u00e9ralement plus chers. Vous trouverez ci-dessous des tarifs approximatifs pour les taxis entre les a\u00e9roports et les localit\u00e9s du Cap-Vert :<\/p><ul><li><b>Taxi de l'a\u00e9roport de Sal (SID) au centre d'Espargos<\/b>600 \u00e0 700 escudos (~6 \u00e0 7 euros)<\/li><li><b>Taxi de l'a\u00e9roport de Sal (SID) \u00e0 Santa Maria<\/b>1200 \u00e0 1500 escudos (~12 \u00e0 15 euros)<\/li><li><b>Taxi de l'a\u00e9roport de Boa Vista (BVC) \u00e0 Sal Rei<\/b>: 1000 escudos (~10 euros)<\/li><li><b>Taxi de l'a\u00e9roport de S\u00e3o Vicente (VXE) \u00e0 Mindelo<\/b>: 1000 \u00e0 1200 escudos (~10 \u00e0 12 euros)<\/li><li><b>Taxi de l'a\u00e9roport de Santiago (RAI) \u00e0 Praia<\/b>: 1500 escudos (~15 euros)<\/li><li><b>Taxi de l'a\u00e9roport de Fogo (SFL) \u00e0 S\u00e3o Filipe<\/b>: 400 escudos (~4 euros)<\/li><li><b>Taxi de l'a\u00e9rodrome de S\u00e3o Nicolau (SNE) \u00e0 Ribeira Brava<\/b>500 escudos (~5 euros)<\/li><li><b>Taxi de l'a\u00e9rodrome de S\u00e3o Nicolau (SNE) \u00e0 Tarrafal<\/b>: 3500 escudos (~35 euros)<\/li><\/ul><p data-sourcepos=\"167:1-167:77\"><b>\u00a0<\/b><\/p><p data-sourcepos=\"167:1-167:77\"><b>Attention<\/b>: En r\u00e8gle g\u00e9n\u00e9rale, ces <b>Les prix sont\u00a0<\/b><b style=\"color: var( --e-global-color-text ); font-family: var( --e-global-typography-text-font-family ), Sans-serif; text-align: var(--text-align); font-size: 1rem;\">valable pour la journ\u00e9e ; les valeurs nocturnes peuvent \u00eatre plus \u00e9lev\u00e9es<\/b><span style=\"color: var( --e-global-color-text ); font-family: var( --e-global-typography-text-font-family ), Sans-serif; font-weight: var( --e-global-typography-text-font-weight ); text-align: var(--text-align); font-size: 1rem;\">. En outre, les prix peuvent avoir chang\u00e9, aussi ces chiffres ne doivent-ils \u00eatre utilis\u00e9s qu'\u00e0 titre de r\u00e9f\u00e9rence.<\/span><\/p><p data-sourcepos=\"167:1-167:77\"><span style=\"color: var( --e-global-color-text ); font-family: var( --e-global-typography-text-font-family ), Sans-serif; font-weight: var( --e-global-typography-text-font-weight ); text-align: var(--text-align); font-size: 1rem;\">\u00a0<\/span><\/p><h3>Location de voiture au Cap-Vert\u00a0<\/h3><p data-sourcepos=\"167:1-167:77\">Pour les personnes disposant d'un budget plus souple, qui veulent plus de libert\u00e9 et qui se sentent \u00e0 l'aise pour conduire localement, il y a la <b>possibilit\u00e9 de louer une voiture au Cap-Vert<\/b>.<\/p><p data-sourcepos=\"167:1-167:77\"><span style=\"text-align: var(--text-align); font-size: 1rem;\">Il y a <\/span><b style=\"text-align: var(--text-align); font-size: 1rem;\">soci\u00e9t\u00e9s de location de voitures<\/b><span style=\"text-align: var(--text-align); font-size: 1rem;\"> sur toutes les \u00eeles du Cap-Vert. Les prix commencent \u00e0 environ 5000 escudos par jour (50 euros) et varient en fonction du type de voiture. Pour des p\u00e9riodes plus longues (plusieurs jours ou semaines), vous pouvez essayer de n\u00e9gocier une r\u00e9duction avec le loueur.<\/span><\/p><p data-sourcepos=\"167:1-167:77\">Pour certaines \u00eeles, telles que <a href=\"https:\/\/feelcaboverde.com\/fr\/boavista\/\">Boa Vista<\/a> e <a href=\"https:\/\/feelcaboverde.com\/fr\/saint-antao-2\/\">Santo Ant\u00e3o<\/a>Je vous conseille de louer une voiture 4\u00d74. Lors d'un voyage \u00e0 Boa Vista, nous sommes rest\u00e9s coinc\u00e9s dans l'une des dunes \u00e0 Praia de Santa Maria et nous avons eu du mal \u00e0 en sortir, m\u00eame avec un pick-up 4\u00d74.<\/p><p data-sourcepos=\"167:1-167:77\">En g\u00e9n\u00e9ral, les routes du Cap-Vert sont assez bonnes. Mais il faut garder \u00e0 l'esprit que la plupart d'entre elles sont en pierre et que certaines sont tr\u00e8s irr\u00e9guli\u00e8res, en particulier \u00e0 l'int\u00e9rieur des \u00eeles. Dans certains endroits, les routes sont encore en terre ou en sable. Il n'est pas conseill\u00e9 de louer une voiture si vous \u00eates un conducteur inexp\u00e9riment\u00e9.<\/p><p data-sourcepos=\"167:1-167:77\">La <b>les panneaux de signalisation et le marquage au sol sont essentiellement en portugais<\/b>L'anglais est la langue officielle du pays. Dans les zones touristiques, il est courant de trouver des panneaux de signalisation et des informations compl\u00e9mentaires en anglais.<\/p><p data-sourcepos=\"167:1-167:77\">En g\u00e9n\u00e9ral, <b>Le stationnement dans les villes et villages du Cap-Vert est g\u00e9n\u00e9ralement relativement facile.<\/b>surtout loin des centres les plus fr\u00e9quent\u00e9s. Toutefois, les jours de manifestations locales, il peut \u00eatre plus difficile de trouver une place.\u00a0<span style=\"text-align: var(--text-align); font-size: 1rem;\">Dans certaines zones urbaines, comme le centre-ville de Praia (district de Plat\u00f4), par exemple, le stationnement est payant et signal\u00e9 comme tel.<\/span><\/p><p data-sourcepos=\"167:1-167:77\">Si, apr\u00e8s ces informations, vous pensez pouvoir et vouloir conduire au Cap-Vert, je vous recommande vivement de louer une voiture. C'est ce que j'ai fait sur certaines \u00eeles lors de mon voyage au Cap-Vert et je ne l'ai pas regrett\u00e9. C'est beaucoup plus pratique. Vous \u00eates libre d'aller o\u00f9 vous voulez et quand vous voulez, sans vous soucier des horaires et de la disponibilit\u00e9 des transports publics.<\/p><p data-sourcepos=\"167:1-167:77\">\u00a0<\/p><h3>Conditions pour louer une voiture au Cap-Vert en tant que visiteur<\/h3><p data-sourcepos=\"167:1-167:77\"><span style=\"font-weight: bold;\">Les visiteurs peuvent conduire au Cap-Vert avec un permis de conduire \u00e9tranger d'une dur\u00e9e de validit\u00e9 maximale de six mois.<\/span>Cependant, vous devez toujours avoir votre passeport sur vous.<\/p><p data-sourcepos=\"167:1-167:77\"><span style=\"font-weight: bold;\">Les permis de conduire d\u00e9livr\u00e9s au Portugal sont valables au Cap-Vert.<\/span>\u00a0(accord bilat\u00e9ral entre les pays).<\/p><p data-sourcepos=\"167:1-167:77\">Pour louer une voiture au Cap-Vert en tant que touriste, vous devez g\u00e9n\u00e9ralement pr\u00e9senter l'original du permis de conduire de votre pays et votre passeport. Bien que la plupart des permis \u00e9trangers soient accept\u00e9s, certaines soci\u00e9t\u00e9s de location peuvent demander un permis de conduire international, en particulier si votre permis n'est pas r\u00e9dig\u00e9 en portugais.\u00a0<\/p><p data-sourcepos=\"167:1-167:77\">En outre, vous aurez besoin d'une carte de cr\u00e9dit internationale ou d'argent liquide pour le d\u00e9p\u00f4t, selon la politique de l'entreprise, et d'une confirmation de la r\u00e9servation, le cas \u00e9ch\u00e9ant. Certaines soci\u00e9t\u00e9s de location peuvent \u00e9galement exiger un \u00e2ge minimum (21 ou 25 ans) et une certaine exp\u00e9rience de la conduite (1 an).\u00a0<\/p><p data-sourcepos=\"167:1-167:77\"><span style=\"text-align: var(--text-align); font-size: 1rem;\">Nous recommandons toujours de contacter la soci\u00e9t\u00e9 de location avant le voyage pour confirmer les exigences sp\u00e9cifiques et clarifier les doutes.<\/span><\/p><p data-sourcepos=\"167:1-167:77\"><span style=\"text-align: var(--text-align); font-size: 1rem;\">\u00a0<\/span><\/p><h3>Location de v\u00e9los et de scooters<\/h3><p data-sourcepos=\"167:1-167:77\">Certaines \u00eeles du Cap-Vert, comme la populaire \u00eele de Sal, proposent des solutions plus l\u00e9g\u00e8res et plus respectueuses de l'environnement pour explorer les environs : la location de v\u00e9los et de scooters. C'est un moyen amusant et souple de parcourir de courtes distances, en particulier dans les zones urbaines comme Santa Maria on Sal, ou d'explorer les sentiers et chemins c\u00f4tiers \u00e0 un rythme plus tranquille.\u00a0<\/p><p data-sourcepos=\"167:1-167:77\">Plusieurs magasins et h\u00f4tels de l'\u00eele de Sal proposent <a href=\"https:\/\/salvillage.com\/\" rel=\"nofollow noopener\" target=\"_blank\">location de v\u00e9los<\/a>Ces v\u00e9los vont des mod\u00e8les de base aux v\u00e9los \u00e9lectriques, ce qui permet aux visiteurs de se d\u00e9placer \u00e0 v\u00e9lo dans la ville et d'atteindre facilement les plages voisines.\u00a0<\/p><p data-sourcepos=\"167:1-167:77\">O <a href=\"https:\/\/www.red-scooter.com\/\" rel=\"nofollow noopener\" target=\"_blank\">location de scooters<\/a> est \u00e9galement une option disponible, offrant une plus grande autonomie pour explorer des zones plus \u00e9tendues de l'\u00eele, toujours en respectant les r\u00e8gles de circulation locales et les conditions routi\u00e8res.<\/p><p data-sourcepos=\"167:1-167:77\">Avant de louer, renseignez-vous sur les conditions de location et les prix, ce qui vous permettra de d\u00e9couvrir le territoire de mani\u00e8re agr\u00e9able et en toute s\u00e9curit\u00e9.<\/p><p data-sourcepos=\"167:1-167:77\">D'autres \u00eeles peuvent \u00e9galement proposer ces options, il est donc toujours conseill\u00e9 de v\u00e9rifier sur place.<\/p><p data-sourcepos=\"167:1-167:77\">\u00a0<\/p><h3>Explorer le Cap-Vert \u00e0 pied : marcher au rythme des \u00eeles<\/h3><p data-sourcepos=\"167:1-167:77\">L'un des avantages du Cap-Vert, compte tenu de la taille relativement petite d'un grand nombre de ses \u00eeles, est la possibilit\u00e9 de <b>explorer \u00e0 pied, ce qui permet une immersion plus profonde dans le paysage et la culture locale<\/b>. La marche permet de d\u00e9couvrir des coins cach\u00e9s, d'interagir avec les habitants et de profiter de la beaut\u00e9 naturelle \u00e0 un rythme tranquille.<\/p><p data-sourcepos=\"167:1-167:77\"><span style=\"text-align: var(--text-align); font-size: 1rem;\">L'exploration \u00e0 pied s'av\u00e8re particuli\u00e8rement enrichissante sur les \u00eeles aux paysages diversifi\u00e9s et aux sentiers bien d\u00e9finis.\u00a0<\/span><\/p><p data-sourcepos=\"167:1-167:77\"><span style=\"text-align: var(--text-align); font-size: 1rem;\">Santo Ant\u00e3o, par exemple, est mondialement connu pour ses sentiers spectaculaires qui serpentent \u00e0 travers des vall\u00e9es verdoyantes et des montagnes imposantes, offrant des vues panoramiques inoubliables, comme le c\u00e9l\u00e8bre sentier de Ponta do Sol \u00e0 Ch\u00e3 de Igreja.\u00a0<\/span><\/p><p data-sourcepos=\"167:1-167:77\"><span style=\"text-align: var(--text-align); font-size: 1rem;\">S\u00e3o Nicolau, avec ses sentiers moins explor\u00e9s, vous invite \u00e0 une aventure authentique au milieu d'une nature intacte et de paysages volcaniques uniques.\u00a0<\/span><\/p><p data-sourcepos=\"167:1-167:77\"><span style=\"text-align: var(--text-align); font-size: 1rem;\">Brava, l'\"\u00eele aux fleurs\", avec son atmosph\u00e8re calme et ses paysages romantiques, offre d'agr\u00e9ables promenades \u00e0 travers des jardins fleuris et des points de vue sur l'oc\u00e9an Atlantique.<\/span><\/p><p data-sourcepos=\"167:1-167:77\"><span style=\"text-align: var(--text-align); font-size: 1rem;\">L'\u00eele de Fogo se distingue \u00e9galement pour les amateurs de randonn\u00e9e, avec ses paysages spectaculaires fa\u00e7onn\u00e9s par l'activit\u00e9 volcanique. L'ascension du Pico do Fogo, le volcan actif de l'\u00eele, est une exp\u00e9rience difficile mais incroyablement gratifiante, qui offre des vues lunaires uniques et la possibilit\u00e9 de marcher dans le crat\u00e8re. Les pentes du volcan et les zones environnantes r\u00e9v\u00e8lent des paysages \u00e0 couper le souffle, avec des formations rocheuses impressionnantes et la r\u00e9silience de la vie jaillissant de la terre volcanique.<\/span><\/p><p data-sourcepos=\"167:1-167:77\"><span style=\"text-align: var(--text-align); font-size: 1rem;\">La marche au Cap-Vert est une fa\u00e7on de d\u00e9couvrir l'archipel avec tous ses sens, en appr\u00e9ciant les d\u00e9tails de la nature, le rythme de la vie locale et l'hospitalit\u00e9 chaleureuse des Cap-Verdiens. C'est l'occasion d'entrer en contact avec l'essence m\u00eame de chaque \u00eele, en d\u00e9couvrant pas \u00e0 pas sa beaut\u00e9 unique.<\/span><\/p><figure id=\"attachment_5587\" aria-describedby=\"caption-attachment-5587\" style=\"width: 1920px\" class=\"wp-caption alignnone\"><img decoding=\"async\" src=\"http:\/\/feelcaboverde.com\/wp-content\/uploads\/2025\/04\/Caminhando-por-Ribeira-Grande-Santo-Antao-scaled.jpeg\" alt=\"Promenade \u00e0 Ribeira Grande - Santo Antao\" width=\"1920\" height=\"2560\" \/><figcaption id=\"caption-attachment-5587\" class=\"wp-caption-text\"><br \/>Promenade \u00e0 Ribeira Grande - \u00eele de Santo Ant\u00e3o, Cap-Vert<\/figcaption><\/figure><h2>\u00a0<\/h2><h2>Voyager entre les \u00eeles du Cap-Vert sans trop d\u00e9penser\u00a0<\/h2><p data-sourcepos=\"167:1-167:77\">C'est absolument <b>il est possible de voyager au Cap-Vert sans d\u00e9penser beaucoup<\/b>. Pour cela, le meilleur moyen est de voyager en bateau, de s\u00e9journer dans des maisons d'h\u00f4tes, des auberges de jeunesse ou AirBnB et de se d\u00e9placer en transports publics tels que les hiaces.<\/p><p data-sourcepos=\"167:1-167:77\">La nourriture est g\u00e9n\u00e9ralement tr\u00e8s abordable ; le menu du jour dans la plupart des restaurants des \u00eeles moins touristiques commence g\u00e9n\u00e9ralement \u00e0 environ 350 escudos (3,5 euros), sans boisson. Sur les \u00eeles plus touristiques (Sal et Boa Vista), le prix est plus \u00e9lev\u00e9, selon le type de restaurant.<\/p><p data-sourcepos=\"167:1-167:77\">Pour vous donner une id\u00e9e, le co\u00fbt d'un voyage autour du Cap-Vert en bateau peut \u00eatre inf\u00e9rieur \u00e0 400 euros par personne (le prix ne concerne que le transport\/le voyage entre les \u00eeles au tarif pour les nationaux). Mais \u00e0 moins d'avoir le temps, il n'est pas souhaitable de visiter toutes les \u00eeles en un seul voyage. Je vous sugg\u00e8re d'en choisir deux ou trois \u00e0 la fois et de vous concentrer sur celles-ci. Vous pourrez toujours revenir voir les autres \u00e0 votre guise.<\/p><p data-sourcepos=\"167:1-167:77\">\u00a0<\/p><p data-sourcepos=\"167:1-167:77\">\u00a0<\/p><p data-sourcepos=\"167:1-167:77\">\u00a0<\/p><div id=\"model-response-message-contentr_62f4f4d4e1398f26\" class=\"markdown markdown-main-panel\" dir=\"ltr\"><h2 data-sourcepos=\"1:1-1:44\">Conseils utiles pour voyager au Cap-Vert<\/h2><p data-sourcepos=\"3:1-3:152\">Pour que votre voyage au Cap-Vert soit encore plus agr\u00e9able, nous avons rassembl\u00e9 quelques conseils utiles pour chaque type de voyage :<\/p><p data-sourcepos=\"5:1-5:20\"><strong>Vols int\u00e9rieurs :<\/strong><\/p><ul data-sourcepos=\"7:1-11:0\"><li data-sourcepos=\"7:1-7:123\"><strong>V\u00e9rifier les horaires :<\/strong> V\u00e9rifiez toujours les horaires de vol aupr\u00e8s de la <a href=\"https:\/\/www.caboverdeairlines.com\/pt\/\" rel=\"nofollow noopener\" target=\"_blank\">Cabo Verde Airlines<\/a>au fur et \u00e0 mesure des changements.<\/li><li data-sourcepos=\"8:1-8:119\"><strong>Documentation :<\/strong> Gardez vos documents de voyage et vos pi\u00e8ces d'identit\u00e9 \u00e0 port\u00e9e de main, car ils vous seront demand\u00e9s \u00e0 l'a\u00e9roport.<\/li><li data-sourcepos=\"9:1-9:129\"><strong>Bagages :<\/strong> V\u00e9rifiez la politique de la compagnie a\u00e9rienne en mati\u00e8re de bagages afin d'\u00e9viter des frais suppl\u00e9mentaires en cas d'exc\u00e9dent de poids ou de taille.<\/li><li data-sourcepos=\"10:1-11:0\"><strong>Arriver t\u00f4t :<\/strong> Pr\u00e9voyez d'arriver \u00e0 l'a\u00e9roport avec suffisamment de temps pour les proc\u00e9dures d'enregistrement et de s\u00e9curit\u00e9, surtout aux heures de pointe.<\/li><\/ul><p data-sourcepos=\"12:1-12:21\"><strong>\u00a0<\/strong><\/p><p data-sourcepos=\"12:1-12:21\"><strong>Ferries et bateaux :<\/strong><\/p><ul data-sourcepos=\"14:1-18:0\"><li data-sourcepos=\"14:1-14:174\"><strong>V\u00e9rifier les horaires :<\/strong> V\u00e9rifier les horaires et la fr\u00e9quence des trajets aupr\u00e8s de la <a href=\"https:\/\/www.cvinterilhas.cv\/routesschedules\" rel=\"nofollow noopener\" target=\"_blank\">Inter-\u00eeles<\/a> et <a href=\"https:\/\/nosferry.cv\/\" rel=\"nofollow noopener\" target=\"_blank\">Ferry<\/a> \u00e0 l'avance, car ils peuvent \u00eatre moins r\u00e9guliers sur certaines lignes.<\/li><li data-sourcepos=\"15:1-15:146\"><strong>Achetez vos billets :<\/strong> Achetez vos billets \u00e0 l'avance, surtout en p\u00e9riode de forte affluence (comme les f\u00eates de fin d'ann\u00e9e) ou pour les lignes les moins fr\u00e9quentes.<\/li><li data-sourcepos=\"16:1-16:145\"><strong>Soyez pr\u00eats \u00e0 affronter la mer :<\/strong> Si vous \u00eates sujet aux vertiges et au mal de mer lorsque vous voyagez en bateau, ou si vous n'avez jamais voyag\u00e9 en bateau auparavant, prenez des m\u00e9dicaments appropri\u00e9s avec vous et choisissez des si\u00e8ges plus stables sur le bateau.<\/li><\/ul><p data-sourcepos=\"19:1-19:55\"><strong>\u00a0<\/strong><\/p><p data-sourcepos=\"19:1-19:55\"><strong>Transports terrestres (autobus\/voitures\/cars) :<\/strong><\/p><ul data-sourcepos=\"21:1-25:0\"><li data-sourcepos=\"21:1-21:136\"><strong>Renseignez-vous sur les itin\u00e9raires :<\/strong> Renseignez-vous aupr\u00e8s de la population locale ou de votre h\u00e9bergement sur les itin\u00e9raires et les points de d\u00e9part des bus et des autocars.<\/li><li data-sourcepos=\"22:1-22:143\"><strong>Changez un peu :<\/strong> Les paiements dans ces modes de transport se font g\u00e9n\u00e9ralement en esp\u00e8ces, et avoir de la monnaie facilite la transaction.<\/li><li data-sourcepos=\"23:1-23:141\"><strong>Prenez connaissance de l'horaire :<\/strong> Les heures d'ouverture des camionnettes peuvent \u00eatre limit\u00e9es, en particulier dans les zones rurales ou les week-ends.<\/li><li data-sourcepos=\"24:1-25:0\"><strong>Confirmer la destination :<\/strong> Lorsque vous montez \u00e0 bord d'une voiture ou d'une camionnette, assurez-vous que le v\u00e9hicule se dirige vers la destination souhait\u00e9e.\u00a0<\/li><\/ul><p data-sourcepos=\"26:1-26:10\"><strong>\u00a0<\/strong><\/p><p data-sourcepos=\"26:1-26:10\"><strong>Taxis :<\/strong><\/p><ul data-sourcepos=\"28:1-32:0\"><li data-sourcepos=\"28:1-28:187\"><strong>D'accord sur le prix :<\/strong> N\u00e9gociez et convenez du prix de la course avec le chauffeur de taxi avant de commencer le trajet, surtout s'il n'y a pas de compteur ou si vous \u00eates en dehors des principales zones urbaines.<\/li><li data-sourcepos=\"29:1-29:118\"><strong>V\u00e9rifier l'identification :<\/strong> Assurez-vous que le taxi est officiel et qu'il porte une \u00e9tiquette de taxi.<\/li><li data-sourcepos=\"30:1-30:143\"><strong>Avoir de l'argent :<\/strong>\u00a0vous devez toujours avoir de l'argent liquide pour le paiement.<\/li><li data-sourcepos=\"31:1-32:0\"><strong>Soyez pr\u00e9cis quant \u00e0 la destination :<\/strong> Fournissez une adresse claire ou un point de r\u00e9f\u00e9rence connu afin d'\u00e9viter les malentendus.<\/li><\/ul><p data-sourcepos=\"33:1-33:44\"><strong>\u00a0<\/strong><\/p><p data-sourcepos=\"33:1-33:44\"><strong>Location de voitures et de scooters\/bicyclettes :<\/strong><\/p><ul data-sourcepos=\"35:1-39:0\"><li data-sourcepos=\"35:1-35:142\"><strong>V\u00e9rifier le v\u00e9hicule :<\/strong> Inspectez soigneusement le v\u00e9hicule avant de le louer, en v\u00e9rifiant les pneus, les feux, les freins et tout dommage existant.<\/li><li data-sourcepos=\"36:1-36:148\"><strong>Lire le contrat :<\/strong> Comprendre les termes du contrat de location, y compris l'assurance, la politique en mati\u00e8re de carburant et la responsabilit\u00e9 en cas de dommages.<\/li><li data-sourcepos=\"37:1-37:132\"><strong>Permis de conduire :<\/strong> Assurez-vous d'\u00eatre en possession de votre permis de conduire valide et, si n\u00e9cessaire, de votre permis de conduire international.<\/li><li data-sourcepos=\"38:1-39:0\"><strong>Informations locales :<\/strong> Renseignez-vous sur l'\u00e9tat des routes et sur les particularit\u00e9s de l'\u00eele que vous visitez.<\/li><\/ul><p data-sourcepos=\"40:1-40:14\"><strong>\u00a0<\/strong><\/p><p data-sourcepos=\"40:1-40:14\"><strong>La marche :<\/strong><\/p><ul data-sourcepos=\"42:1-45:89\"><li data-sourcepos=\"42:1-42:121\"><strong>Planifiez vos itin\u00e9raires :<\/strong> Renseignez-vous sur les sentiers, le niveau de difficult\u00e9 et la distance avant de partir.<\/li><li data-sourcepos=\"43:1-43:134\"><strong>Pr\u00e9parez-vous correctement :<\/strong> Prenez de l'eau en quantit\u00e9 suffisante, de la cr\u00e8me solaire, un chapeau, des v\u00eatements confortables et des chaussures de marche adapt\u00e9es.<\/li><li data-sourcepos=\"44:1-44:131\"><strong>La s\u00e9curit\u00e9 :<\/strong> Informez quelqu'un de vos projets de randonn\u00e9e et, si vous explorez des r\u00e9gions recul\u00e9es, envisagez de marcher en groupe ou avec un guide.<\/li><li data-sourcepos=\"45:1-45:89\"><strong>Respecter la nature :<\/strong> Ne laissez pas de d\u00e9chets sur les sentiers et respectez la faune et la flore locales.<\/li><\/ul><\/div><p data-sourcepos=\"167:1-167:77\"><span style=\"color: var( --e-global-color-text ); font-family: var( --e-global-typography-text-font-family ), Sans-serif; font-weight: var( --e-global-typography-text-font-weight ); text-align: var(--text-align); font-size: 1rem;\">\u00a0<\/span><\/p><p data-sourcepos=\"167:1-167:77\">\u00a0<\/p><\/div><div dir=\"ltr\"><h2><span style=\"color: inherit; font-family: inherit; font-size: 2rem; text-align: var(--text-align);\">Foire aux questions : Se d\u00e9placer au Cap-Vert<\/span><\/h2><h4>a) Comment puis-je voyager entre les \u00eeles du Cap-Vert ?<\/h4><p data-sourcepos=\"167:1-167:77\">Vous pouvez voyager entre les \u00eeles du Cap-Vert principalement par **vols int\u00e9rieurs** ou **ferries**. Les vols inter-\u00eeles sont assur\u00e9s par la compagnie a\u00e9rienne Cabo Verde Airlines, qui propose des liaisons directes r\u00e9guli\u00e8res entre certaines \u00eeles. Les ferries sont disponibles pour certains trajets et peuvent \u00eatre une option pittoresque et plus \u00e9conomique.<\/p><p data-sourcepos=\"167:1-167:77\">\u00a0<\/p><\/div><h4 data-sourcepos=\"167:1-167:77\">b) Quel est le meilleur moyen de se d\u00e9placer sur chaque \u00eele ?<\/h4><div dir=\"ltr\"><ul><li>\u00a0 \u00a0 <b>Taxi<\/b>Un moyen pratique de se d\u00e9placer dans les villes et villages, surtout pour ceux qui ne connaissent pas les \u00eeles du Cap-Vert.<\/li><li>\u00a0 \u00a0 <b>Hiaces<\/b>Le transport public : transport public de 12 \u00e0 15 places qui permet de faire le tour des \u00eeles.<\/li><li>\u00a0 \u00a0 <b>Location de voitures<\/b>Les \u00eeles : id\u00e9ales pour explorer \u00e0 votre rythme. Pratiquement toutes les \u00eeles disposent de plusieurs possibilit\u00e9s de location de voitures.<\/li><li>\u00a0 \u00a0 <b>Bus locaux<\/b>Sur les \u00eeles de Santiago et de S\u00e3o Vicente, il existe des services de bus locaux qui circulent \u00e0 l'int\u00e9rieur des villes, bien que la fr\u00e9quence puisse varier pour certains itin\u00e9raires.<\/li><\/ul><h4>\u00a0<span style=\"color: inherit; font-family: inherit; font-size: 1.5rem; text-align: var(--text-align);\">c) Comment puis-je r\u00e9server des vols inter-\u00eeles ou des ferries au Cap-Vert ?<\/span><\/h4><p data-sourcepos=\"167:1-167:77\">Les vols inter-\u00eeles peuvent \u00eatre r\u00e9serv\u00e9s sur les sites Internet suivants <a href=\"https:\/\/www.caboverdeairlines.com\/pt\/\" rel=\"nofollow noopener\" target=\"_blank\">compagnie a\u00e9rienne nationale<\/a> ou des agences de voyage.\u00a0<\/p><p data-sourcepos=\"167:1-167:77\">Pour les excursions en bateau, vous pouvez faire une r\u00e9servation via le site web de la Commission europ\u00e9enne. <a href=\"http:\/\/www.interilhas.cv\" rel=\"nofollow noopener\" target=\"_blank\">Cap Vert Inter-\u00eeles<\/a>. Pour les trajets entre Santo Ant\u00e3o et S\u00e3o Vicente, vous pouvez \u00e9galement r\u00e9server aupr\u00e8s de la compagnie <a href=\"http:\/\/www.nosferry.cv\" rel=\"nofollow noopener\" target=\"_blank\">Ferry<\/a>. Cette option est recommand\u00e9e, car il arrive que les itin\u00e9raires et les horaires de certaines liaisons a\u00e9riennes et maritimes changent, et il est plus facile d'avoir recours \u00e0 un agent pour g\u00e9rer ces changements.<\/p><h4>d) Combien de temps faut-il pour voyager entre les \u00eeles ?<\/h4><p data-sourcepos=\"167:1-167:77\">Les trajets entre les \u00eeles du Cap-Vert varient en fonction du mode de transport et des \u00eeles concern\u00e9es. Les vols entre les \u00eeles principales durent g\u00e9n\u00e9ralement entre 30 minutes et une heure, tandis que les ferries peuvent prendre plusieurs heures, voire une journ\u00e9e enti\u00e8re, en fonction de l'itin\u00e9raire. Ci-dessus, j'ai d\u00e9crit la dur\u00e9e approximative de certains itin\u00e9raires maritimes et a\u00e9riens.<\/p><p data-sourcepos=\"167:1-167:77\">\u00a0<\/p><\/div><div dir=\"ltr\"><h4>e) Existe-t-il des agences de voyage au Cap-Vert qui peuvent vous aider \u00e0 voyager d'une \u00eele \u00e0 l'autre ?<\/h4><p data-sourcepos=\"167:1-167:77\">Oui, de nombreuses agences de voyage locales proposent des services pour vous aider \u00e0 r\u00e9server des vols, des ferries et d'autres arrangements de voyage. Elles peuvent \u00e9galement vous fournir des conseils utiles et une assistance locale. N'h\u00e9sitez pas \u00e0 nous contacter si vous avez besoin d'informations plus sp\u00e9cifiques.<\/p><h4>f) Peut-on voyager d'\u00eele en \u00eele au Cap-Vert (island hopping) ?<\/h4><p data-sourcepos=\"167:1-167:77\">Il est tout \u00e0 fait possible de faire le tour des \u00eeles du Cap-Vert ! Comme expliqu\u00e9 dans l'article, vous pouvez voyager entre les \u00eeles soit par avion, soit par bateau. Pour les \u00eeles de Santo Ant\u00e3o et de Brava, il n'est actuellement possible de se d\u00e9placer qu'en bateau.<\/p><h4>g) Quel est le meilleur moyen de voyager entre les \u00eeles du Cap-Vert ?<\/h4><p data-sourcepos=\"167:1-167:77\">Le meilleur moyen de voyager entre les \u00eeles est sans aucun doute l'avion, si le budget n'est pas un probl\u00e8me. L'avion est tr\u00e8s rapide, mais il est plus cher que le bateau. Si votre budget est limit\u00e9 ou si vous souhaitez d\u00e9couvrir un peu plus notre r\u00e9alit\u00e9, le bateau est une bonne option. Cependant, cette option prend plus de temps et n\u00e9cessite plus de logistique.<\/p><h4>h) Peut-on voyager en toute s\u00e9curit\u00e9 au Cap-Vert ?<\/h4><p data-sourcepos=\"167:1-167:77\">Oui, mais comme partout ailleurs, la prudence est de mise. \u00c9vitez d'avoir trop d'argent liquide sur vous, surveillez toujours vos affaires lorsque vous \u00eates dans des lieux publics et \u00e9vitez d'emprunter des ruelles mal \u00e9clair\u00e9es ou isol\u00e9es, surtout la nuit.\u00a0<\/p><p data-sourcepos=\"167:1-167:77\">Bien que la criminalit\u00e9 au Cap-Vert soit g\u00e9n\u00e9ralement relativement faible, les petits vols et les vols \u00e0 main arm\u00e9e ont tendance \u00e0 se produire dans le pays, en particulier dans les grandes villes. Dans la ville de Praia,\u00a0<span style=\"color: var( --e-global-color-text ); font-family: var( --e-global-typography-text-font-family ), Sans-serif; font-weight: var( --e-global-typography-text-font-weight ); text-align: var(--text-align); font-size: 1rem;\">comme capitale et plus grand centre urbain,<\/span><span style=\"color: var( --e-global-color-text ); font-family: var( --e-global-typography-text-font-family ), Sans-serif; font-weight: var( --e-global-typography-text-font-weight ); text-align: var(--text-align); font-size: 1rem;\">il faut \u00eatre un peu plus prudent, surtout dans les quartiers inconnus et la nuit.<\/span><\/p><p data-sourcepos=\"167:1-167:77\">Il est judicieux d'utiliser des taxis pour rentrer au logement apr\u00e8s les activit\u00e9s de la soir\u00e9e.\u00a0<\/p><p data-sourcepos=\"167:1-167:77\"><span style=\"color: var( --e-global-color-text ); font-family: var( --e-global-typography-text-font-family ), Sans-serif; font-weight: var( --e-global-typography-text-font-weight ); text-align: var(--text-align); font-size: 1rem;\">En r\u00e9sum\u00e9, avec du bon sens et les pr\u00e9cautions n\u00e9cessaires, vous pouvez profiter de tout ce que le Cap-Vert a \u00e0 offrir en toute s\u00e9curit\u00e9 et de mani\u00e8re m\u00e9morable.<\/span><\/p><p data-sourcepos=\"167:1-167:77\"><span style=\"color: var( --e-global-color-text ); font-family: var( --e-global-typography-text-font-family ), Sans-serif; font-weight: var( --e-global-typography-text-font-weight ); text-align: var(--text-align); font-size: 1rem;\">\u00a0<\/span><span style=\"color: inherit; font-family: inherit; font-size: 1.5rem; text-align: var(--text-align);\">i) Comment profiter au mieux de votre s\u00e9jour au Cap-Vert ?<\/span><\/p><p data-sourcepos=\"167:1-167:77\"><span style=\"color: var( --e-global-color-text ); font-family: var( --e-global-typography-text-font-family ), Sans-serif; font-weight: var( --e-global-typography-text-font-weight ); text-align: var(--text-align); font-size: 1rem;\">Le meilleur moyen de profiter au maximum de vos vacances au Cap-Vert est de vous faire accompagner d'un guide, surtout si c'est la premi\u00e8re fois que vous venez, si vous voulez optimiser votre temps et si votre budget le permet. C'est le meilleur conseil que je puisse donner !\u00a0<\/span><\/p><p data-sourcepos=\"167:1-167:77\"><span style=\"color: var( --e-global-color-text ); font-family: var( --e-global-typography-text-font-family ), Sans-serif; font-weight: var( --e-global-typography-text-font-weight ); text-align: var(--text-align); font-size: 1rem;\">Lorsque j'ai d\u00e9cid\u00e9 de faire mon premier tour des \u00eeles pour d\u00e9couvrir le Cap-Vert en profondeur, j'ai fait appel \u00e0 des guides sur presque toutes les \u00eeles, y compris celles que j'avais d\u00e9j\u00e0 visit\u00e9es. Il \u00e9tait clair que les exp\u00e9riences v\u00e9cues sur les \u00eeles o\u00f9 j'avais un guide \u00e9taient beaucoup plus riches que sur les \u00eeles que j'avais visit\u00e9es de mani\u00e8re ind\u00e9pendante.\u00a0<\/span><\/p><p data-sourcepos=\"167:1-167:77\"><span style=\"color: var( --e-global-color-text ); font-family: var( --e-global-typography-text-font-family ), Sans-serif; font-weight: var( --e-global-typography-text-font-weight ); text-align: var(--text-align); font-size: 1rem;\">Les guides exp\u00e9riment\u00e9s connaissent tous les coins et recoins et savent des d\u00e9tails que les locaux ordinaires ignorent parfois. Ils ont tendance \u00e0 conna\u00eetre presque tout le monde, les meilleurs restaurants locaux et o\u00f9 trouver les meilleurs prix pour les souvenirs, etc.\u00a0<\/span><\/p><p data-sourcepos=\"167:1-167:77\"><span style=\"color: var( --e-global-color-text ); font-family: var( --e-global-typography-text-font-family ), Sans-serif; font-weight: var( --e-global-typography-text-font-weight ); text-align: var(--text-align); font-size: 1rem;\">Si, en revanche, vous pr\u00e9f\u00e9rez voyager seul et d\u00e9couvrir en chemin, vous n'aurez pas trop de difficult\u00e9s. Les Capverdiens sont g\u00e9n\u00e9ralement tr\u00e8s serviables et amicaux.\u00a0<\/span><\/p><p data-sourcepos=\"167:1-167:77\"><span style=\"color: var( --e-global-color-text ); font-family: var( --e-global-typography-text-font-family ), Sans-serif; font-weight: var( --e-global-typography-text-font-weight ); text-align: var(--text-align); font-size: 1rem;\">\u00a0<\/span><span style=\"color: inherit; font-family: inherit; font-size: 1.5rem; text-align: var(--text-align);\">j) Peut-on conduire au Cap-Vert en tant que touriste ?<\/span><\/p><p data-sourcepos=\"167:1-167:77\">Oui, vous pouvez conduire au Cap-Vert avec un permis \u00e9tranger pour une dur\u00e9e maximale de six mois.<\/p><p data-sourcepos=\"167:1-167:77\">Les conducteurs doivent avoir plus de 18 ans, un permis de conduire valide, une carte d'identit\u00e9 et les papiers du v\u00e9hicule (immatriculation, assurance, etc.). Le port de la ceinture de s\u00e9curit\u00e9 est obligatoire et les enfants de moins de 12 ans doivent s'asseoir sur les si\u00e8ges arri\u00e8re.\u00a0\u00a0<\/p><p data-sourcepos=\"167:1-167:77\">\u00a0<\/p><\/div><div dir=\"ltr\"><h4>k) Peut-on faire de la marche ou de la randonn\u00e9e en toute s\u00e9curit\u00e9 au Cap-Vert ?<\/h4><h4><span style=\"text-align: var(--text-align); font-size: 1rem;\">En g\u00e9n\u00e9ral, le Cap-Vert est consid\u00e9r\u00e9 comme un pays s\u00fbr et il n'y a pas de risque \u00e0 se promener. Cependant, il est toujours conseill\u00e9 de rester prudent et de faire preuve de bon sens, surtout en tant que touriste. Dans les zones plus peupl\u00e9es, comme la ville de Praia sur l'\u00eele de Santiago, le centre de Mindelo \u00e0 S\u00e3o Vicente ou les zones touristiques comme Santa Maria \u00e0 Sal, il est conseill\u00e9 de faire attention \u00e0 ce qui se passe autour de soi, en particulier la nuit.<\/span><\/h4><h2><span style=\"color: inherit; font-family: inherit; font-size: 1.5rem; text-align: var(--text-align);\">l) De quel c\u00f4t\u00e9 de la route roule-t-on au Cap-Vert ?<\/span><\/h2><p data-sourcepos=\"167:1-167:77\">Au Cap-Vert, la conduite se fait \u00e0 droite. Le volant se trouve du c\u00f4t\u00e9 gauche de la voiture.\u00a0<\/p><div>\u00a0<\/div><h4><b>Note<\/b><span style=\"text-align: var(--text-align); font-size: 1rem;\">Les tarifs de r\u00e9f\u00e9rence de base pr\u00e9sent\u00e9s dans cet article sont uniquement indicatifs et ont \u00e9t\u00e9 calcul\u00e9s sur la base des informations disponibles au moment de la publication. Les prix sont susceptibles d'\u00eatre modifi\u00e9s par les prestataires de services et peuvent varier en fonction de la date du voyage, de la disponibilit\u00e9 et d'autres facteurs. Par cons\u00e9quent, nous ne pouvons \u00eatre tenus responsables de tout \u00e9cart ou changement dans les chiffres pr\u00e9sent\u00e9s et nous recommandons toujours de v\u00e9rifier les prix mis \u00e0 jour directement aupr\u00e8s des fournisseurs des services envisag\u00e9s pour obtenir des chiffres actualis\u00e9s.<\/span><\/h4><div><span style=\"text-align: var(--text-align); font-size: 1rem;\">\u00a0<\/span><\/div><h2><b>Conclusion<\/b><\/h2><p data-sourcepos=\"167:1-167:77\">En bref, les d\u00e9placements dans les \u00eeles du Cap-Vert offrent une multitude d'options, depuis les vols int\u00e9rieurs rapides jusqu'aux pittoresques excursions en bateau. \u00c0 l'int\u00e9rieur des \u00eeles, vous pouvez vous d\u00e9placer en transports publics (bus, hiaces ou minibus, taxis, voitures de location, scooters ou v\u00e9los de location) et \u00e0 pied.\u00a0<\/p><p data-sourcepos=\"167:1-167:77\">Il est essentiel de comprendre les particularit\u00e9s de chaque mode de transport, son co\u00fbt et la logistique qu'il implique pour planifier un voyage r\u00e9ussi et profiter au maximum de la diversit\u00e9 et de la beaut\u00e9 de cet archipel unique. Que vous optiez pour la vitesse de l'avion, l'aventure du ferry ou l'autonomie de la location de voiture (\u00e0 l'int\u00e9rieur des \u00eeles), la planification pr\u00e9alable et la flexibilit\u00e9 seront vos meilleurs alli\u00e9s pour explorer les merveilles que chaque \u00eele du Cap-Vert a \u00e0 offrir. Contactez-nous si vous avez besoin d'un soutien sp\u00e9cifique pour planifier votre aventure dans les \u00eeles.\u00a0<\/p><p data-sourcepos=\"167:1-167:77\">\u00a0<\/p><\/div>\t\t\t\t\t\t<\/div>\n\t\t\t\t<\/div>\n\t\t\t\t\t<\/div>\n\t\t<\/div>\n\t\t\t\t\t\t\t<\/div>\n\t\t<\/section>\n\t\t\t\t\t\t\t<\/div>","protected":false},"excerpt":{"rendered":"<p>Voyager dans les \u00eeles du Cap-Vert demande un peu d'organisation et une bonne connaissance du syst\u00e8me de transport local. Dans ce guide complet, je pr\u00e9sente en d\u00e9tail les diff\u00e9rentes options de transport au Cap-Vert, les co\u00fbts approximatifs et la dur\u00e9e de chacune d'entre elles, ainsi que toutes les informations pratiques sur les vols int\u00e9rieurs au Cap-Vert, les ferries [...]<\/p>","protected":false},"author":1,"featured_media":0,"comment_status":"open","ping_status":"open","sticky":false,"template":"","format":"standard","meta":{"footnotes":""},"categories":[1],"tags":[],"class_list":["post-5483","post","type-post","status-publish","format-standard","hentry","category-diversos"],"_links":{"self":[{"href":"https:\/\/feelcaboverde.com\/fr\/wp-json\/wp\/v2\/posts\/5483","targetHints":{"allow":["GET"]}}],"collection":[{"href":"https:\/\/feelcaboverde.com\/fr\/wp-json\/wp\/v2\/posts"}],"about":[{"href":"https:\/\/feelcaboverde.com\/fr\/wp-json\/wp\/v2\/types\/post"}],"author":[{"embeddable":true,"href":"https:\/\/feelcaboverde.com\/fr\/wp-json\/wp\/v2\/users\/1"}],"replies":[{"embeddable":true,"href":"https:\/\/feelcaboverde.com\/fr\/wp-json\/wp\/v2\/comments?post=5483"}],"version-history":[{"count":101,"href":"https:\/\/feelcaboverde.com\/fr\/wp-json\/wp\/v2\/posts\/5483\/revisions"}],"predecessor-version":[{"id":5604,"href":"https:\/\/feelcaboverde.com\/fr\/wp-json\/wp\/v2\/posts\/5483\/revisions\/5604"}],"wp:attachment":[{"href":"https:\/\/feelcaboverde.com\/fr\/wp-json\/wp\/v2\/media?parent=5483"}],"wp:term":[{"taxonomy":"category","embeddable":true,"href":"https:\/\/feelcaboverde.com\/fr\/wp-json\/wp\/v2\/categories?post=5483"},{"taxonomy":"post_tag","embeddable":true,"href":"https:\/\/feelcaboverde.com\/fr\/wp-json\/wp\/v2\/tags?post=5483"}],"curies":[{"name":"wp","href":"https:\/\/api.w.org\/{rel}","templated":true}]}}