{"id":658,"date":"2022-01-03T16:41:27","date_gmt":"2022-01-03T16:41:27","guid":{"rendered":"https:\/\/feelcaboverde.com\/?p=658"},"modified":"2026-01-07T00:39:05","modified_gmt":"2026-01-07T00:39:05","slug":"melhor-ilha-de-cabo-verde","status":"publish","type":"post","link":"https:\/\/feelcaboverde.com\/es\/mejor-isla-de-cabo-verde\/","title":{"rendered":"Las mejores islas de Cabo Verde para unas vacaciones inolvidables en 2026 (con fotos originales)"},"content":{"rendered":"<div data-elementor-type=\"wp-post\" data-elementor-id=\"658\" class=\"elementor elementor-658\">\n\t\t\t\t\t\t\t\t\t<section data-particle_enable=\"false\" data-particle-mobile-disabled=\"false\" class=\"elementor-section elementor-top-section elementor-element elementor-element-4e1aef43 elementor-section-boxed elementor-section-height-default elementor-section-height-default\" data-id=\"4e1aef43\" data-element_type=\"section\">\n\t\t\t\t\t\t<div class=\"elementor-container elementor-column-gap-default\">\n\t\t\t\t\t<div class=\"elementor-column elementor-col-100 elementor-top-column elementor-element elementor-element-194c8581\" data-id=\"194c8581\" data-element_type=\"column\">\n\t\t\t<div class=\"elementor-widget-wrap elementor-element-populated\">\n\t\t\t\t\t\t\t\t<div class=\"elementor-element elementor-element-312021a4 elementor-widget elementor-widget-text-editor\" data-id=\"312021a4\" data-element_type=\"widget\" data-widget_type=\"text-editor.default\">\n\t\t\t\t<div class=\"elementor-widget-container\">\n\t\t\t<style>\/*! elementor - v3.7.1 - 14-08-2022 *\/\n.elementor-widget-text-editor.elementor-drop-cap-view-stacked .elementor-drop-cap{background-color:#818a91;color:#fff}.elementor-widget-text-editor.elementor-drop-cap-view-framed .elementor-drop-cap{color:#818a91;border:3px solid;background-color:transparent}.elementor-widget-text-editor:not(.elementor-drop-cap-view-default) .elementor-drop-cap{margin-top:8px}.elementor-widget-text-editor:not(.elementor-drop-cap-view-default) .elementor-drop-cap-letter{width:1em;height:1em}.elementor-widget-text-editor .elementor-drop-cap{float:left;text-align:center;line-height:1;font-size:50px}.elementor-widget-text-editor .elementor-drop-cap-letter{display:inline-block}<\/style>\t\t\t\t<p>A menudo nos preguntan: \"\u00bfCu\u00e1l es la mejor isla para visitar en Cabo Verde?\".<\/p><p>Es imposible dar una respuesta simplista a esta pregunta, ya que depende mucho del perfil de la persona y de lo que quiera hacer durante un viaje al archipi\u00e9lago de Cabo Verde.<\/p><p>Algunas caracter\u00edsticas son comunes a todas las islas, como la morabeza de los caboverdianos (car\u00e1cter acogedor y afable), las espectaculares zonas costeras, algunos rasgos gastron\u00f3micos, el perfil relajado de la gente y el sol -\u00a1mucho sol, todo el a\u00f1o!<\/p><p>Sin embargo, a pesar de los rasgos comunes, las islas son distintas entre s\u00ed, tanto en morfolog\u00eda como en costumbres y tradiciones locales.<\/p><p>Teniendo en cuenta la idiosincrasia de cada isla, hemos creado este art\u00edculo para ayudarle a decidir por d\u00f3nde empezar su aventura en Cabo Verde.<\/p><p>En los siguientes apartados se explica con detalle qu\u00e9 isla de Cabo Verde es la mejor para los distintos perfiles y prop\u00f3sitos.<\/p><h3><strong>La mejor isla de Cabo Verde para los amantes de la playa y el sol<\/strong><\/h3><p>Sin duda, <b>las mejores islas de Cabo Verde para quienes desean disfrutar de largas playas de arena blanca y aguas cristalinas son Sal y Boa Vista.<\/b>.<br \/><b><\/b><\/p><figure id=\"attachment_3723\" aria-describedby=\"caption-attachment-3723\" style=\"width: 2560px\" class=\"wp-caption alignnone\"><img decoding=\"async\" src=\"http:\/\/feelcaboverde.com\/wp-content\/uploads\/2023\/01\/1-IMG_20210519_131339-scaled.jpg\" alt=\"Playa de Santa Mar\u00eda con agua cristalina y arena blanca\" width=\"2560\" height=\"1920\" \/><figcaption id=\"caption-attachment-3723\" class=\"wp-caption-text\">Playa de Santa Maria, isla de Sal<\/figcaption><\/figure><p><span style=\"font-weight: 400;\">Estas islas son \u00e1ridas y con una pluviosidad anual muy baja, es decir, \u00a1sol durante todo el a\u00f1o!<\/span><\/p><figure id=\"attachment_3728\" aria-describedby=\"caption-attachment-3728\" style=\"width: 2560px\" class=\"wp-caption alignnone\"><img decoding=\"async\" src=\"http:\/\/feelcaboverde.com\/wp-content\/uploads\/2023\/01\/2-IMG_20210522_123434-scaled.jpg\" alt=\"\" width=\"2560\" height=\"1920\" \/><figcaption id=\"caption-attachment-3728\" class=\"wp-caption-text\">Playa de Santa M\u00f3nica, isla de Boa Vista<\/figcaption><\/figure><p><span style=\"font-weight: 400;\">\u00a0<\/span><\/p><p><span style=\"font-weight: 400;\">El acceso a las islas de Sal y Boa Vista es f\u00e1cil, ya que ambas cuentan con aeropuertos internacionales con vuelos directos desde varios pa\u00edses europeos y otros continentes.\u00a0<\/span><\/p><ul><li style=\"font-weight: 400;\" aria-level=\"1\"><span style=\"font-weight: 400;\">Sal: Aeropuerto Internacional Am\u00edlcar Cabral (SID)<\/span><\/li><li style=\"font-weight: 400;\" aria-level=\"1\"><span style=\"font-weight: 400;\">Boa Vista: Aeropuerto Internacional Aristides Pereira (BVC)<\/span><\/li><\/ul><p><span style=\"font-weight: 400;\">\u00a0<\/span><\/p><p><span style=\"font-weight: 400;\">La conexi\u00f3n con otras islas del pa\u00eds desde Sal y Boa Vista se realiza tanto por v\u00eda a\u00e9rea como mar\u00edtima.<\/span><\/p><p><span style=\"color: var( --e-global-color-text ); font-family: var( --e-global-typography-text-font-family ), Sans-serif; text-align: var(--text-align); font-size: 1rem;\">Debido al gran flujo de turistas, la infraestructura hotelera en Sal y Boa Vista es excelente, con opciones que van desde hoteles lujosos hasta hostales y pensiones acogedoras, as\u00ed como restaurantes para todos los gustos.\u00a0<\/span><\/p><p><span style=\"color: var( --e-global-color-text ); font-family: var( --e-global-typography-text-font-family ), Sans-serif; text-align: var(--text-align); font-size: 1rem;\">\u00a0<\/span><\/p><h3><b>2. Mejor isla de Cabo Verde para playas desiertas<\/b><\/h3><p><b>Maio es la mejor isla de Cabo Verde para quienes desean playas hermosas pero quieren evitar los lugares tur\u00edsticos comunes.<\/b><span style=\"font-weight: 400;\">.\u00a0<\/span><\/p><figure id=\"attachment_3729\" aria-describedby=\"caption-attachment-3729\" style=\"width: 2560px\" class=\"wp-caption alignnone\"><img decoding=\"async\" src=\"http:\/\/feelcaboverde.com\/wp-content\/uploads\/2023\/01\/3-IMG_20211023_144329-scaled.jpg\" alt=\"\" width=\"2560\" height=\"1920\" \/><figcaption id=\"caption-attachment-3729\" class=\"wp-caption-text\">Isla de Maio<\/figcaption><\/figure><p><span style=\"font-weight: 400;\">\u00a0<\/span><\/p><p><span style=\"font-weight: 400;\">La isla de Maio es una de las m\u00e1s peque\u00f1as de Cabo Verde, con una poblaci\u00f3n de solo 6.330 residentes. Aunque es menos tur\u00edstica, la isla ya ofrece buenas opciones de alojamiento, incluyendo hoteles, pensiones y apartamentos.\u00a0<\/span><\/p><p><span style=\"font-weight: 400;\">Maio tambi\u00e9n es un punto de biodiversidad, siendo una excelente opci\u00f3n para la observaci\u00f3n de aves marinas y tortugas, as\u00ed como para hacer snorkel, buceo y otras actividades acu\u00e1ticas.\u00a0<\/span><\/p><p><span style=\"font-weight: 400;\">La zona rural tambi\u00e9n merece una visita. Esto incluye los tranquilos pueblos (Calheta, Morro, Morrinho, Figueira da Horta, Pil\u00e3o C\u00e3o, Ribeira de Dom Jo\u00e3o, Alcatraz, Barreiro, etc.), algunas de las iglesias m\u00e1s encantadoras del archipi\u00e9lago, y el Parque Natural del Norte de Maio, el mayor per\u00edmetro forestal de Cabo Verde.<\/span><\/p><figure id=\"attachment_3759\" aria-describedby=\"caption-attachment-3759\" style=\"width: 2560px\" class=\"wp-caption alignnone\"><img decoding=\"async\" src=\"http:\/\/feelcaboverde.com\/wp-content\/uploads\/2022\/01\/IMG_20211023_111429-scaled.jpg\" alt=\"\" width=\"2560\" height=\"1920\" \/><figcaption id=\"caption-attachment-3759\" class=\"wp-caption-text\">Casa colorida en un pueblo de la isla de Maio<\/figcaption><\/figure><p><span style=\"font-weight: 400;\">\u00a0<\/span><\/p><p><span style=\"font-weight: 400;\">La isla de Maio es accesible desde la capital del pa\u00eds, Praia, en menos de 30 minutos en avi\u00f3n o unas 2 horas en barco.\u00a0<\/span><\/p><p><span style=\"font-weight: 400;\">\u00a0<\/span><\/p><h3><b>3. Mejor isla de Cabo Verde para turismo de monta\u00f1a<\/b><\/h3><p><span style=\"font-weight: 400;\">La <\/span><b>mejor isla de Cabo Verde para el monta\u00f1ismo es, sin duda, Santo Ant\u00e3o,<\/b><span style=\"font-weight: 400;\">conocida tambi\u00e9n como la isla de las monta\u00f1as.\u00a0<\/span><\/p><figure id=\"attachment_3734\" aria-describedby=\"caption-attachment-3734\" style=\"width: 2560px\" class=\"wp-caption alignnone\"><img decoding=\"async\" src=\"http:\/\/feelcaboverde.com\/wp-content\/uploads\/2023\/01\/3487FED0-4785-447B-82F3-D2F46A5D65CC-1-scaled.jpeg\" alt=\"\" width=\"2560\" height=\"1920\" \/><figcaption id=\"caption-attachment-3734\" class=\"wp-caption-text\">Cordillera en Santo Ant\u00e3o despu\u00e9s de las lluvias, Cabo Verde<\/figcaption><\/figure><p><span style=\"font-weight: 400;\">Santo Ant\u00e3o ofrece incre\u00edbles senderos con distintos niveles de dificultad, con la oportunidad de contemplar paisajes impresionantes y pueblos id\u00edlicos. Se puede optar por caminatas cortas y sencillas, o por rutas de trekking m\u00e1s largas que pueden durar varios d\u00edas.\u00a0<\/span><\/p><figure id=\"attachment_3730\" aria-describedby=\"caption-attachment-3730\" style=\"width: 2560px\" class=\"wp-caption alignnone\"><img decoding=\"async\" src=\"http:\/\/feelcaboverde.com\/wp-content\/uploads\/2023\/01\/5-753A8690-2-scaled.jpg\" alt=\"\" width=\"2560\" height=\"1707\" \/><figcaption id=\"caption-attachment-3730\" class=\"wp-caption-text\">Valle de Pa\u00fal visto desde la bajada de Cova, isla de Santo Ant\u00e3o<\/figcaption><\/figure><p><span style=\"color: var( --e-global-color-text ); font-family: var( --e-global-typography-text-font-family ), Sans-serif; text-align: var(--text-align); font-size: 1rem;\">\u00a0<\/span><\/p><p><span style=\"color: var( --e-global-color-text ); font-family: var( --e-global-typography-text-font-family ), Sans-serif; text-align: var(--text-align); font-size: 1rem;\">Algunas de mis rutas favoritas en Santo Ant\u00e3o son:<\/span><span style=\"color: var( --e-global-color-text ); font-family: var( --e-global-typography-text-font-family ), Sans-serif; font-weight: var( --e-global-typography-text-font-weight ); text-align: var(--text-align); font-size: 1rem;\">\u00a0<\/span><\/p><ul><li style=\"font-weight: 400;\" aria-level=\"1\"><span style=\"font-weight: 400;\">Cova \u2013 Ribeira do Paul: Comienza el recorrido temprano en Pico da Cruz, pasando por el cr\u00e1ter de Cova y descendiendo por los senderos serpenteantes hasta Passagem. Al llegar all\u00ed, sugiero continuar descendiendo por el Valle de Pa\u00fal hasta la ciudad costera de Cidade das Pombas. La \u00faltima parte de este recorrido se puede hacer en coche si est\u00e1s cansado de la bajada.<\/span><\/li><\/ul><ul><li style=\"font-weight: 400;\" aria-level=\"1\"><span style=\"font-weight: 400;\">Ponta de Sol \u2013 Cruzinha: Este sendero es m\u00e1s largo, pero es perfecto para quienes no temen caminar. El sendero completo comienza en la ciudad de Ponta do Sol y pasa por Fontainhas, Corvo, Formiguinhas, Aranhas, Cruzinha y Ch\u00e3 de Igreja. La ruta tiene unos 14,6 km de longitud, y la duraci\u00f3n media es de seis horas. Veredicto personal: \u00a1Vale la pena cada gota de sudor!<\/span><\/li><\/ul><p><span style=\"font-weight: 400;\">\u00a0<\/span><\/p><p><span style=\"font-weight: 400;\">Santo Ant\u00e3o solo es accesible por mar desde la isla vecina de S\u00e3o Vicente. Hay viajes diarios regulares en ambas direcciones; el trayecto dura alrededor de 50-60 minutos.<\/span><span style=\"color: var( --e-global-color-text ); font-family: var( --e-global-typography-text-font-family ), Sans-serif; font-weight: var( --e-global-typography-text-font-weight ); text-align: var(--text-align); font-size: 1rem;\">\u00a0<\/span><\/p><p><b>Una excelente alternativa para el turismo de monta\u00f1a en Cabo Verde es tambi\u00e9n la isla de S\u00e3o Nicolau. <\/b><span style=\"font-weight: 400;\">Una visita obligatoria es el Parque Natural de Monte Gordo, en cuya cima es posible observar la marcada diferencia entre el lado norte (verde) y el lado sur (\u00e1rido), separados por apenas unos metros. Esta peculiar disparidad se debe a la existencia de diferentes niveles microclim\u00e1ticos en la regi\u00f3n.<\/span><\/p><figure id=\"attachment_3757\" aria-describedby=\"caption-attachment-3757\" style=\"width: 2560px\" class=\"wp-caption alignnone\"><img decoding=\"async\" src=\"http:\/\/feelcaboverde.com\/wp-content\/uploads\/2023\/01\/6-DJI_0049-scaled.jpg\" alt=\"\" width=\"2560\" height=\"1438\" \/><figcaption id=\"caption-attachment-3757\" class=\"wp-caption-text\">Monte Gordo, isla de S\u00e3o Nicolau<\/figcaption><\/figure><p><span style=\"font-weight: 400;\">\u00a0<\/span><\/p><p><span style=\"font-weight: 400;\">La singularidad de los senderos de S\u00e3o Nicolau ha sido reconocida recientemente, y desde hace algunos a\u00f1os la isla alberga el evento anual \u201cMeetup Trekking S\u00e3o Nicolau\u201d, donde los amantes del deporte tienen la oportunidad de recorrer rutas poco exploradas.\u00a0<\/span><\/p><p><span style=\"font-weight: 400;\">S\u00e3o Nicolau es accesible en barco desde S\u00e3o Vicente y Sal, o en avi\u00f3n desde Santiago (ciudad de Praia).\u00a0<\/span><\/p><p><b>Otra excelente opci\u00f3n para el monta\u00f1ismo en Cabo Verde es la isla de Brava,<\/b><span style=\"font-weight: 400;\">cari\u00f1osamente conocida como la isla de las flores o el jard\u00edn del pa\u00eds.<\/span><\/p><figure id=\"attachment_3758\" aria-describedby=\"caption-attachment-3758\" style=\"width: 2560px\" class=\"wp-caption alignnone\"><img decoding=\"async\" src=\"http:\/\/feelcaboverde.com\/wp-content\/uploads\/2023\/01\/7-IMG_20211003_113334-scaled.jpg\" alt=\"\" width=\"2560\" height=\"1920\" \/><figcaption id=\"caption-attachment-3758\" class=\"wp-caption-text\">Rutas de monta\u00f1a, isla de Brava<\/figcaption><\/figure><p><span style=\"font-weight: 400;\">\u00a0<\/span><\/p><p><span style=\"font-weight: 400;\">Con su clima m\u00e1s suave, Brava es una de las islas m\u00e1s verdes del pa\u00eds. Y aunque es la isla m\u00e1s peque\u00f1a de Cabo Verde, Brava ofrece varias rutas espectaculares con vistas impresionantes, donde el verde de las monta\u00f1as contrasta maravillosamente con el azul del mar. Una ruta que recomendamos encarecidamente es la de Nossa Senhora do Monte a Faj\u00e3 d\u2019\u00c1gua. \u00a1Hazla; ya nos agradecer\u00e1s despu\u00e9s!\u00a0<\/span><\/p><figure id=\"attachment_3725\" aria-describedby=\"caption-attachment-3725\" style=\"width: 2560px\" class=\"wp-caption alignnone\"><img decoding=\"async\" src=\"http:\/\/feelcaboverde.com\/wp-content\/uploads\/2023\/01\/IMG_20211002_142839-scaled.jpg\" alt=\"\" width=\"2560\" height=\"1920\" \/><figcaption id=\"caption-attachment-3725\" class=\"wp-caption-text\">Vista de Faj\u00e3 d'\u00c1gua, isla de Brava<\/figcaption><\/figure><p><span style=\"font-weight: 400;\">Cualquiera de estas islas es una excelente opci\u00f3n para quienes quieren ir m\u00e1s all\u00e1 del simple sol y playa, y disfrutar del aire fresco y de las vistas impresionantes de las monta\u00f1as de Cabo Verde.\u00a0<\/span><\/p><p><span style=\"font-weight: 400;\">\u00a0<\/span><\/p><h3><b>4. Mejor isla de Cabo Verde para eventos culturales\u00a0<\/b><\/h3><p><b>La mejor isla de Cabo Verde para eventos culturales es definitivamente S\u00e3o Vicente.<\/b><span style=\"font-weight: 400;\">La ciudad de Mindelo es considerada por muchos como la capital cultural del pa\u00eds, \u00a1y no sin motivo!\u00a0<\/span><\/p><p><span style=\"font-weight: 400;\">Como dice con raz\u00f3n la canci\u00f3n carnavalesca:<\/span><i><span style=\"font-weight: 400;\">\"Soncent \u00ea special; ka tem ot igual, pa bem ou pa mal<\/span><\/i><span style=\"font-weight: 400;\">\" <\/span><span style=\"font-weight: 400;\">(traducci\u00f3n libre: <\/span><span style=\"font-weight: 400;\">S\u00e3o Vicente es especial; no hay otro igual, para bien o para mal.)<\/span><\/p><p><span style=\"font-weight: 400;\">Mindelo organiza anualmente dos de las mayores manifestaciones culturales del pa\u00eds: el alegre y colorido Carnaval Mindelense (en febrero\/marzo) y el tradicional Festival de la Ba\u00eda das Gatas (en verano). Estos eventos atraen cada vez m\u00e1s a un mayor n\u00famero de turistas locales e internacionales, creando un frenes\u00ed el\u00e9ctrico que sacude toda la isla.\u00a0<\/span><\/p><p><span style=\"font-weight: 400;\">Y dado que la gente de S\u00e3o Vicente es naturalmente festiva y creativa, cada vez surgen nuevos eventos culturales en la isla. Entre ellos se encuentran, por ejemplo, el Festival da Cavala (Festival de la Caballa) y el Carnaval de Verano, dos eventos igualmente vibrantes.\u00a0<\/span><\/p><p><span style=\"font-weight: 400;\">Mindelo tambi\u00e9n acoge el Festival Internacional de Teatro Mindelact, reuniendo a artistas de varios rincones del mundo en los escenarios mindelenses.\u00a0<\/span><\/p><p><span style=\"font-weight: 400;\">Imagen: Ba\u00eda do Porto Grande, Mindelo, isla de S\u00e3o Vicente<\/span><\/p><p><span style=\"font-weight: 400;\">S\u00e3o Vicente es la cuna de grandes m\u00fasicos caboverdianos, como Ces\u00e1ria \u00c9vora (nuestra a\u00f1orada diva descalza), Bana, Luis Morais, Tito Paris, entre otros. La m\u00fasica est\u00e1 muy presente en la isla, y algunos restaurantes y bares ofrecen m\u00fasica en vivo con frecuencia.\u00a0\u00a0<\/span><\/p><figure id=\"attachment_3715\" aria-describedby=\"caption-attachment-3715\" style=\"width: 2177px\" class=\"wp-caption alignnone\"><img decoding=\"async\" src=\"http:\/\/feelcaboverde.com\/wp-content\/uploads\/2023\/01\/IMG_0383-scaled.jpeg\" alt=\"\" width=\"2177\" height=\"2560\" \/><figcaption id=\"caption-attachment-3715\" class=\"wp-caption-text\">Mural de Ces\u00e1ria \u00c9vora, isla de S\u00e3o Vicente<\/figcaption><\/figure><p><span style=\"font-weight: 400;\">\u00a0<\/span><\/p><p><span style=\"font-weight: 400;\">Disfruta de la vida nocturna de Mindelo cuando visites la isla. No te pierdas la oportunidad de disfrutar de una buena cena o una bebida mientras escuchas buena morna y coladeira. O sal a bailar hasta el amanecer y luego dir\u00edgete directamente al restaurante Dokas para comer una cachupa guisada y curar la resaca (\u00a1si sabes, sabes!).\u00a0<\/span><\/p><p><span style=\"font-weight: 400;\">S\u00e3o Vicente tambi\u00e9n tiene playas para todos los gustos, incluyendo la cl\u00e1sica Praia da Laginha en el coraz\u00f3n de Mindelo, la Ba\u00eda das Gatas (sede del festival musical hom\u00f3nimo, uno de los m\u00e1s grandes del pa\u00eds), y la playa de S\u00e3o Pedro (ideal para deportes acu\u00e1ticos y snorkel con tortugas), entre otras.<\/span><\/p><p><span style=\"font-weight: 400;\">Imagen: Atardecer en la playa de Praia da Laginha y Monte Cara, isla de S\u00e3o Vicente<\/span><\/p><p><span style=\"font-weight: 400;\">\u00a0<\/span><\/p><h3><b>5. La mejor isla de Cabo Verde para sabores t\u00edpicos<\/b><b style=\"color: var( --e-global-color-text ); font-family: var( --e-global-typography-text-font-family ), Sans-serif; font-size: 1rem;\">\u00a0<\/b><\/h3><p><span style=\"font-weight: 400;\">A pesar de una base culinaria com\u00fan en todo el archipi\u00e9lago (incluyendo cachupa, queso de cabra, dulces de frutas y platos de mariscos) con peque\u00f1as variaciones entre las islas, cada una tiene sus propios sabores t\u00edpicos y distintos. De todas, destaca la singularidad de la isla de Fogo, la mejor isla de Cabo Verde para disfrutar de los mejores sabores locales. <\/span><b>Fuego,<\/b> <b>la mejor isla de Cabo Verde para disfrutar de los mejores sabores locales<\/b><span style=\"font-weight: 400;\">.\u00a0<\/span><\/p><p><span style=\"font-weight: 400;\">La especificidad de los sabores de Fogo se debe en gran medida al vulcanismo de la isla, que confiere fertilidad a sus suelos. La gastronom\u00eda local se basa principalmente en lo que se cultiva all\u00ed.<\/span><\/p><figure id=\"attachment_3724\" aria-describedby=\"caption-attachment-3724\" style=\"width: 2560px\" class=\"wp-caption alignnone\"><img decoding=\"async\" src=\"http:\/\/feelcaboverde.com\/wp-content\/uploads\/2023\/01\/IMG_20210530_123043-scaled.jpg\" alt=\"\" width=\"2560\" height=\"1920\" \/><figcaption id=\"caption-attachment-3724\" class=\"wp-caption-text\">Anacardos de temporada, isla de Fogo<\/figcaption><\/figure><p><span style=\"font-weight: 400;\">\u00a0<\/span><\/p><p class=\"translation-block\">En Ch\u00e3 das Caldeiras, un pueblo peculiar ubicado a los pies del volc\u00e1n Pico do Fogo, el suelo rico en minerales permite el cultivo de melocotones, melones, manzanas, granadas, membrillos, higos y especialmente uvas. Algunos de estos frutos solo se producen en la isla de Fogo \u2013 los llamo frutos de la lava.<\/p><figure id=\"attachment_3754\" aria-describedby=\"caption-attachment-3754\" style=\"width: 2560px\" class=\"wp-caption alignnone\"><img decoding=\"async\" src=\"http:\/\/feelcaboverde.com\/wp-content\/uploads\/2023\/01\/IMG_20210528_175132-scaled.jpg\" alt=\"\" width=\"2560\" height=\"1920\" \/><figcaption id=\"caption-attachment-3754\" class=\"wp-caption-text\">Vi\u00f1edo en las cenizas del volc\u00e1n de Fogo, isla de Fogo<\/figcaption><\/figure><p><span style=\"font-weight: 400;\">\u00a0<\/span><\/p><p><span style=\"font-weight: 400;\">Las uvas se utilizan para la elaboraci\u00f3n de vinos, algunos de los cuales son reconocidos internacionalmente. <\/span><span style=\"font-weight: 400;\">Quien visite Cabo Verde no puede partir sin probar un <\/span><i><span style=\"font-weight: 400;\">Manecon <\/span><\/i><span style=\"font-weight: 400;\">tinto o un <\/span><i><span style=\"font-weight: 400;\">Ch\u00e3n <\/span><\/i><span style=\"font-weight: 400;\">blanco (preferencias personales).\u00a0<\/span><\/p><figure id=\"attachment_3753\" aria-describedby=\"caption-attachment-3753\" style=\"width: 2560px\" class=\"wp-caption alignnone\"><img decoding=\"async\" src=\"http:\/\/feelcaboverde.com\/wp-content\/uploads\/2023\/01\/IMG_20210528_144832-scaled.jpg\" alt=\"\" width=\"2560\" height=\"1920\" \/><figcaption id=\"caption-attachment-3753\" class=\"wp-caption-text\">Copa de vino Manecon, Ch\u00e3 das Caldeiras, isla de Fogo<\/figcaption><\/figure><p><span style=\"font-weight: 400;\">\u00a0<\/span><\/p><p><span style=\"font-weight: 400;\">Ch\u00e3 das Caldeiras tambi\u00e9n produce diferentes tipos de frijoles, incluido el frijol Congo verde. Este se utiliza, por ejemplo, en la preparaci\u00f3n de <\/span><i><span style=\"font-weight: 400;\">Djagacida<\/span><\/i><span style=\"font-weight: 400;\">, el delicioso plato tradicional de la isla de Fogo.<\/span><\/p><figure id=\"attachment_3752\" aria-describedby=\"caption-attachment-3752\" style=\"width: 2560px\" class=\"wp-caption alignnone\"><img decoding=\"async\" src=\"http:\/\/feelcaboverde.com\/wp-content\/uploads\/2023\/01\/IMG_20210528_143809-scaled.jpg\" alt=\"\" width=\"2560\" height=\"1920\" \/><figcaption id=\"caption-attachment-3752\" class=\"wp-caption-text\">Guiso con frijoles verdes\/Congo, isla de Fogo<\/figcaption><\/figure><p><span style=\"font-weight: 400;\">\u00a0<\/span><\/p><p><span style=\"font-weight: 400;\">En la localidad de Mosteiros se produce el caf\u00e9 de Fogo, aclamado con orgullo por los locales por su calidad. Otros frutos de temporada de la isla, como las mangas y los anacardos, tambi\u00e9n son de excelente calidad.<\/span><\/p><figure id=\"attachment_3755\" aria-describedby=\"caption-attachment-3755\" style=\"width: 2560px\" class=\"wp-caption alignnone\"><img decoding=\"async\" src=\"http:\/\/feelcaboverde.com\/wp-content\/uploads\/2023\/01\/IMG_20210529_131358-scaled.jpg\" alt=\"\" width=\"2560\" height=\"1920\" \/><figcaption id=\"caption-attachment-3755\" class=\"wp-caption-text\">Limpieza artesanal de granos de caf\u00e9, Mosteiros, isla de Fogo<\/figcaption><\/figure><p><span style=\"font-weight: 400;\">El queso de cabra en forma de champi\u00f1\u00f3n es distintivo de la isla de Fogo.<\/span><\/p><p><span style=\"font-weight: 400;\">Si realmente quieres probar los mejores sabores de Cabo Verde, no puedes dejar de visitar Fogo. La isla es f\u00e1cilmente accesible desde la capital, Praia, por v\u00eda mar\u00edtima y a\u00e9rea.\u00a0<\/span><\/p><p><span style=\"font-weight: 400;\">\u00a0<\/span><\/p><h3><b>6. Mejor isla de Cabo Verde para escapar de los destinos tur\u00edsticos comunes<\/b><\/h3><div><span style=\"color: var( --e-global-color-text ); font-family: var( --e-global-typography-text-font-family ), Sans-serif; font-size: 1rem;\">A pesar del aumento de la demanda tur\u00edstica en Cabo Verde, especialmente en relaci\u00f3n con los destinos de playa, el pa\u00eds a\u00fan guarda muchos rincones poco explorados.\u00a0<\/span><\/div><p><b>Las mejores islas de Cabo Verde para escapar de los destinos tur\u00edsticos convencionales son S\u00e3o Nicolau y Brava<\/b><span style=\"font-weight: 400;\">, empatadas.\u00a0<\/span><\/p><p><b>S\u00e3o Nicolau<\/b><span style=\"font-weight: 400;\"> est\u00e1 extremadamente subestimada como destino tur\u00edstico nacional a pesar de la variedad de paisajes en la isla. No es de extra\u00f1ar que dos de las siete maravillas de Cabo Verde se encuentren en la isla: Carbeirinho y el Parque Natural de Monte Gordo.\u00a0<\/span><\/p><figure id=\"attachment_3749\" aria-describedby=\"caption-attachment-3749\" style=\"width: 2560px\" class=\"wp-caption aligncenter\"><img decoding=\"async\" src=\"http:\/\/feelcaboverde.com\/wp-content\/uploads\/2023\/01\/IMG_20210515_121205-scaled.jpg\" alt=\"\" width=\"2560\" height=\"1920\" \/><figcaption id=\"caption-attachment-3749\" class=\"wp-caption-text\">Carbeirinho, isla de S\u00e3o Nicolau<\/figcaption><\/figure><p><span style=\"font-weight: 400;\">\u00a0<\/span><\/p><p><span style=\"font-weight: 400;\">Los senderos de la isla, a\u00fan poco explorados, atraen a los entusiastas del senderismo al Meetup Trekking S\u00e3o Nicolau anual. Puede seguir el <\/span><a href=\"https:\/\/www.saniclautrails.com\/\" rel=\"nofollow noopener\" target=\"_blank\"><span style=\"font-weight: 400;\">sitio web del evento<\/span><\/a><span style=\"font-weight: 400;\"> para las pr\u00f3ximas ediciones.\u00a0<\/span><\/p><figure id=\"attachment_3746\" aria-describedby=\"caption-attachment-3746\" style=\"width: 1920px\" class=\"wp-caption alignnone\"><img decoding=\"async\" src=\"http:\/\/feelcaboverde.com\/wp-content\/uploads\/2023\/01\/IMG_9040-scaled.jpg\" alt=\"\" width=\"1920\" height=\"2560\" \/><figcaption id=\"caption-attachment-3746\" class=\"wp-caption-text\">Meetup Trekking S\u00e3o Nicolau, esla de S\u00e3o Nicolau<\/figcaption><\/figure><p><span style=\"font-weight: 400;\">Una particularidad de S\u00e3o Nicolau es que tiene hermosas playas tanto de arena blanca como de arena negra. Aunque son menos conocidas que las playas de Sal y Boa Vista, ofrecen momentos igualmente agradables. Tambi\u00e9n destacan las piscinas naturales de Juncalinho y Carbeirinho, dos de nuestros lugares favoritos en el pa\u00eds.<\/span><\/p><figure id=\"attachment_3719\" aria-describedby=\"caption-attachment-3719\" style=\"width: 1920px\" class=\"wp-caption alignnone\"><img decoding=\"async\" src=\"http:\/\/feelcaboverde.com\/wp-content\/uploads\/2023\/01\/IMG_8771-scaled.jpeg\" alt=\"\" width=\"1920\" height=\"2560\" \/><figcaption id=\"caption-attachment-3719\" class=\"wp-caption-text\">Piscina natural de Juncalinho, isla de S\u00e3o Nicolau<\/figcaption><\/figure><p><span style=\"font-weight: 400;\">\u00a0<\/span><\/p><p><span style=\"font-weight: 400;\">La <\/span><b>La isla de Brava es tambi\u00e9n una joya bien guardada e inexplorada.<\/b><span style=\"font-weight: 400;\">Rom\u00e1ntica por excelencia, esta isla est\u00e1 decorada con flores, siendo el rojo de los lirios el que reina entre las dem\u00e1s. Con su clima templado, la isla es verde y fresca, ideal para caminatas sin prisa.\u00a0<\/span><\/p><figure id=\"attachment_3738\" aria-describedby=\"caption-attachment-3738\" style=\"width: 2560px\" class=\"wp-caption alignnone\"><img decoding=\"async\" src=\"http:\/\/feelcaboverde.com\/wp-content\/uploads\/2023\/01\/DJI_0511-scaled.jpg\" alt=\"\" width=\"2560\" height=\"1438\" \/><figcaption id=\"caption-attachment-3738\" class=\"wp-caption-text\">Nossa Senhora do Monte, isla da Brava<\/figcaption><\/figure><p><span style=\"font-weight: 400;\">\u00a0<\/span><\/p><p><span style=\"font-weight: 400;\">La isla es peque\u00f1a, por lo que es f\u00e1cil recorrerla completamente en solo unos d\u00edas. Los varios miradores repartidos por Brava permiten contemplar los encantos locales, as\u00ed como los islotes y las islas vecinas a lo lejos.<\/span><\/p><figure id=\"attachment_3740\" aria-describedby=\"caption-attachment-3740\" style=\"width: 2560px\" class=\"wp-caption alignnone\"><img decoding=\"async\" src=\"http:\/\/feelcaboverde.com\/wp-content\/uploads\/2023\/01\/IMG_5109-scaled.jpg\" alt=\"\" width=\"2560\" height=\"1920\" \/><figcaption id=\"caption-attachment-3740\" class=\"wp-caption-text\">Mirador con vista sobre Nova Sintra, isla de Brava<\/figcaption><\/figure><p><span style=\"font-weight: 400;\">\u00a0<\/span><\/p><p><span style=\"font-weight: 400;\">La ciudad de Nova Sintra es distintiva y llena de personalidad. A\u00fan conserva una arquitectura colonial portuguesa que recuerda el pasado no tan lejano del archipi\u00e9lago y le confiere cierto encanto.<\/span><\/p><p><span style=\"font-weight: 400;\">Uno de nuestros lugares favoritos del pa\u00eds es Faj\u00e3 d\u2019 \u00c1gua, una zona costera espectacular en la isla de Brava. Reserva al menos una tarde para pasar all\u00ed. Permite que tu cuerpo se relaje en las piscinas naturales. Y al final del d\u00eda, si\u00e9ntate en uno de los bares frente al mar, pide una porci\u00f3n de morena frita o de b\u00fazio acompa\u00f1ado de una bebida fr\u00eda y espera la puesta de sol. \u00a1No te arrepentir\u00e1s!<\/span><\/p><figure id=\"attachment_3731\" aria-describedby=\"caption-attachment-3731\" style=\"width: 2560px\" class=\"wp-caption alignnone\"><img decoding=\"async\" src=\"http:\/\/feelcaboverde.com\/wp-content\/uploads\/2023\/01\/8-IMG_20211002_182138-scaled.jpg\" alt=\"\" width=\"2560\" height=\"1920\" \/><figcaption id=\"caption-attachment-3731\" class=\"wp-caption-text\">Atardecer en Faj\u00e3 d'\u00c1gua, isla de Brava<\/figcaption><\/figure><div><h3><b>\u00a0<\/b><\/h3><h3><b>7. Mejor isla de Cabo Verde para aislarse del mundo<\/b><\/h3><p><span style=\"font-weight: 400;\">La<\/span><b> La mejor isla de Cabo Verde para aislarse de todo es, indudablemente, Santa Luzia.<\/b><span style=\"font-weight: 400;\">Esto se debe a que la isla est\u00e1 deshabitada, completamente desierta. Sin red m\u00f3vil ni electricidad, solo te quedar\u00e1 disfrutar del canto de los p\u00e1jaros, mecerte con el sonido de las olas rompiendo y dormir bajo el cielo m\u00e1s estrellado del pa\u00eds.\u00a0<\/span><\/p><p><span style=\"font-weight: 400;\">Imagen:<\/span><\/p><figure id=\"attachment_3760\" aria-describedby=\"caption-attachment-3760\" style=\"width: 2560px\" class=\"wp-caption alignnone\"><img decoding=\"async\" src=\"http:\/\/feelcaboverde.com\/wp-content\/uploads\/2022\/01\/1.-Santa-Luzia-Cabo-Verde-scaled.jpg\" alt=\"\" width=\"2560\" height=\"1443\" \/><figcaption id=\"caption-attachment-3760\" class=\"wp-caption-text\">Barco naufragado, isla de Santa Luzia<\/figcaption><\/figure><p><span style=\"font-weight: 400;\">\u00a0<\/span><\/p><p><span style=\"font-weight: 400;\">Santa Luzia est\u00e1 actualmente mantenida como una reserva natural, importante por su biodiversidad. El acceso est\u00e1 reservado a pescadores y grupos educativos o de conservaci\u00f3n de la naturaleza. Sin embargo, es posible unirse a estos \u00faltimos en excursiones espec\u00edficas en algunos per\u00edodos del a\u00f1o. <\/span><a href=\"https:\/\/www.biosfera1.com\/\" rel=\"nofollow noopener\" target=\"_blank\"><span style=\"font-weight: 400;\">Bioesfera Cabo Verde<\/span><\/a><span style=\"font-weight: 400;\"> es uno de los grupos que organiza desplazamientos ocasionales a la isla.\u00a0<\/span><\/p><h2><b>\u00a0<\/b><\/h2><h3><b>8. Mejor isla de Cabo Verde para experimentar un poco de todo<\/b><\/h3><p><span style=\"font-weight: 400;\">Ciertamente, <\/span><b>La mejor isla de Cabo Verde para quienes quieren experimentar un poco de todo es la isla de Santiago.<\/b><span style=\"font-weight: 400;\">.<\/span><\/p><p><span style=\"font-weight: 400;\">Santiago es cuna de un enorme patrimonio hist\u00f3rico, rica en cultura y tradiciones. La isla est\u00e1 entrecortada por hermosos valles y monta\u00f1as, ba\u00f1ada por playas acogedoras y coronada por zonas urbanas din\u00e1micas. Diversidad es la palabra clave en la isla de Santiago, la m\u00e1s grande del archipi\u00e9lago.\u00a0<\/span><\/p><p><span style=\"font-weight: 400;\">Para quienes no pueden prescindir de una buena playa, Tarrafal es la parada indicada. La localidad de Tarrafal se encuentra en el extremo norte de la isla de Santiago, a unas dos horas en coche de la capital. El trayecto hacia la localidad ofrece incre\u00edbles vistas panor\u00e1micas de toda la isla; sugerimos ir por la costa y regresar por el interior, pasando por el hist\u00f3rico Campo de Concentraci\u00f3n de Tarrafal.<\/span><\/p><figure id=\"attachment_3736\" aria-describedby=\"caption-attachment-3736\" style=\"width: 2560px\" class=\"wp-caption alignnone\"><img decoding=\"async\" src=\"http:\/\/feelcaboverde.com\/wp-content\/uploads\/2023\/01\/DJI_0041-scaled.jpg\" alt=\"\" width=\"2560\" height=\"1440\" \/><figcaption id=\"caption-attachment-3736\" class=\"wp-caption-text\">Tarrafal, isla de Santiago<\/figcaption><\/figure><p><span style=\"font-weight: 400;\">\u00a0<\/span><\/p><p><span style=\"font-weight: 400;\">Si los senderos son imprescindibles para ti, en Santiago encontrar\u00e1s un buen refugio. Rutas como la Serra Malagueta <\/span><span style=\"font-weight: 400;\">\u2013<\/span><span style=\"font-weight: 400;\"> Principal, Assomada <\/span><span style=\"font-weight: 400;\">\u2013<\/span><span style=\"font-weight: 400;\"> Ribeira da Barca o la subida a Rui Vaz son solo algunas de las varias alternativas. La mejor \u00e9poca para hacer senderismo en Santiago es despu\u00e9s de la temporada de lluvias, principalmente de septiembre a noviembre, cuando la isla se cubre con un manto verde de esperanza.\u00a0<\/span><\/p><\/div><figure id=\"attachment_3737\" aria-describedby=\"caption-attachment-3737\" style=\"width: 2560px\" class=\"wp-caption alignnone\"><img decoding=\"async\" src=\"http:\/\/feelcaboverde.com\/wp-content\/uploads\/2023\/01\/DJI_0156-scaled.jpg\" alt=\"\" width=\"2560\" height=\"1440\" \/><figcaption id=\"caption-attachment-3737\" class=\"wp-caption-text\">Atardecer en Serra Malagueta, isla de Santiago<\/figcaption><\/figure><div><p><span style=\"font-weight: 400;\">\u00a0<\/span><\/p><p><span style=\"font-weight: 400;\">Es impensable visitar Santiago y no pasar por Cidade Velha. A solo 20 minutos en coche de la capital, Cidade Velha (anteriormente Ribeira Grande) ofrece una ventana al pasado del pa\u00eds, llena de sitios hist\u00f3ricos. Fue la primera ciudad construida por europeos en los tr\u00f3picos y la primera capital de Cabo Verde.\u00a0<\/span><\/p><p><span style=\"font-weight: 400;\">Debido a su importancia hist\u00f3rica y cultural, Cidade Velha ha sido reconocida por la UNESCO como Patrimonio de la Humanidad desde 2009. \u00a1Bonus: el atardecer en Cidade Velha es espectacular!\u00a0<\/span><\/p><figure id=\"attachment_3721\" aria-describedby=\"caption-attachment-3721\" style=\"width: 1920px\" class=\"wp-caption alignnone\"><img decoding=\"async\" src=\"http:\/\/feelcaboverde.com\/wp-content\/uploads\/2023\/01\/IMG_20211008_175500-scaled.jpg\" alt=\"\" width=\"1920\" height=\"2560\" \/><figcaption id=\"caption-attachment-3721\" class=\"wp-caption-text\">Pelourinho, Cidade Velha, isla de Santiago<\/figcaption><\/figure><p><span style=\"font-weight: 400;\">\u00a0<\/span><\/p><p><span style=\"font-weight: 400;\">Y, por supuesto, aprovecha para conocer la capital, Praia. Visita el bullicioso Mercado Municipal, el colorido Mercado de Sucupira, los peque\u00f1os museos de la ciudad (Museo Etnogr\u00e1fico de Praia, Museo de Arqueolog\u00eda), la zona hist\u00f3rica del Plateau y termina el d\u00eda en un restaurante con m\u00fasica en vivo.\u00a0<\/span><\/p><figure id=\"attachment_3742\" aria-describedby=\"caption-attachment-3742\" style=\"width: 1920px\" class=\"wp-caption alignnone\"><img decoding=\"async\" src=\"http:\/\/feelcaboverde.com\/wp-content\/uploads\/2023\/01\/IMG_5977-scaled.jpg\" alt=\"\" width=\"1920\" height=\"2560\" \/><figcaption id=\"caption-attachment-3742\" class=\"wp-caption-text\">Encuadernadoras y morteros expuestos en el Mercado de Sucupira, isla de Santiago<\/figcaption><\/figure><p><span style=\"font-weight: 400;\">\u00a0<\/span><\/p><p><span style=\"font-weight: 400;\">Santiago tiene el principal aeropuerto internacional del pa\u00eds (Aeropuerto Internacional Nelson Mandela <\/span><span style=\"font-weight: 400;\">\u2013 <\/span><span style=\"font-weight: 400;\">RAI), y recibe vuelos internacionales de varias aerol\u00edneas. Adem\u00e1s, Santiago est\u00e1 directamente conectada por v\u00eda a\u00e9rea y mar\u00edtima con las otras islas, lo que facilita viajar al resto del pa\u00eds desde la capital.<\/span><\/p><h3><b>\u00a0<\/b><\/h3><h3><b>Conclusi\u00f3n<\/b><\/h3><p><span style=\"font-weight: 400;\">En este art\u00edculo, hemos explicado en detalle cu\u00e1l es la mejor isla del archipi\u00e9lago para cada perfil personal y prop\u00f3sito de viaje. Playas, sol, monta\u00f1as, paisajes verdes, desiertos, cultura... Cabo Verde tiene algo para todos.\u00a0<\/span><\/p><p><span style=\"font-weight: 400;\">La siguiente tabla es una gu\u00eda resumen del art\u00edculo, que ilustra lo mejor que ofrece cada isla de Cabo Verde.\u00a0<\/span><\/p><table><tbody><tr><td><b>Isla\/ Actividades\u00a0<\/b><\/td><td><b>Santo Ant\u00e3o\u00a0<\/b><\/td><td><b>S\u00e3o Vicente<\/b><\/td><td><b>Santa Luzia<\/b><\/td><td><b>S\u00e3o Nicolau<\/b><\/td><td><b>Sal<\/b><\/td><td><b>Boa Vista<\/b><\/td><td><b>Maio\u00a0<\/b><\/td><td><b>Santiago<\/b><\/td><td><b>Fogo<\/b><\/td><td><b>Brava<\/b><\/td><\/tr><tr><td><span style=\"font-weight: 400;\">Mejores playas de arena blanca<\/span><\/td><td>\u00a0<\/td><td><span style=\"font-weight: 400;\">X<\/span><\/td><td>\u00a0<\/td><td>\u00a0<\/td><td><span style=\"font-weight: 400;\">X<\/span><\/td><td><span style=\"font-weight: 400;\">X<\/span><\/td><td><span style=\"font-weight: 400;\">X<\/span><\/td><td>\u00a0<\/td><td>\u00a0<\/td><td>\u00a0<\/td><\/tr><tr><td><span style=\"font-weight: 400;\">Mejores playas de arena negra<\/span><\/td><td><span style=\"font-weight: 400;\">X<\/span><\/td><td>\u00a0<\/td><td>\u00a0<\/td><td>\u00a0<\/td><td>\u00a0<\/td><td>\u00a0<\/td><td>\u00a0<\/td><td>\u00a0<\/td><td><span style=\"font-weight: 400;\">X<\/span><\/td><td>\u00a0<\/td><\/tr><tr><td><span style=\"font-weight: 400;\">Deportes acu\u00e1ticos<\/span><\/td><td>\u00a0<\/td><td><span style=\"font-weight: 400;\">X<\/span><\/td><td>\u00a0<\/td><td>\u00a0<\/td><td><span style=\"font-weight: 400;\">X<\/span><\/td><td><span style=\"font-weight: 400;\">X<\/span><\/td><td>\u00a0<\/td><td>\u00a0<\/td><td>\u00a0<\/td><td>\u00a0<\/td><\/tr><tr><td><span style=\"font-weight: 400;\">Senderismo\/ rutas<\/span><\/td><td><span style=\"font-weight: 400;\">X<\/span><\/td><td>\u00a0<\/td><td>\u00a0<\/td><td><span style=\"font-weight: 400;\">X<\/span><\/td><td>\u00a0<\/td><td>\u00a0<\/td><td>\u00a0<\/td><td><span style=\"font-weight: 400;\">X<\/span><\/td><td><span style=\"font-weight: 400;\">X<\/span><\/td><td><span style=\"font-weight: 400;\">X<\/span><\/td><\/tr><tr><td><span style=\"font-weight: 400;\">Turismo de monta\u00f1a<\/span><\/td><td><span style=\"font-weight: 400;\">X<\/span><\/td><td>\u00a0<\/td><td>\u00a0<\/td><td><span style=\"font-weight: 400;\">X<\/span><\/td><td>\u00a0<\/td><td>\u00a0<\/td><td>\u00a0<\/td><td><span style=\"font-weight: 400;\">X<\/span><\/td><td><span style=\"font-weight: 400;\">X<\/span><\/td><td><span style=\"font-weight: 400;\">X<\/span><\/td><\/tr><tr><td><span style=\"font-weight: 400;\">Eventos culturales<\/span><\/td><td>\u00a0<\/td><td><span style=\"font-weight: 400;\">X<\/span><\/td><td>\u00a0<\/td><td>\u00a0<\/td><td>\u00a0<\/td><td>\u00a0<\/td><td>\u00a0<\/td><td><span style=\"font-weight: 400;\">X<\/span><\/td><td>\u00a0<\/td><td>\u00a0<\/td><\/tr><tr><td><span style=\"font-weight: 400;\">Vida nocturna<\/span><\/td><td>\u00a0<\/td><td><span style=\"font-weight: 400;\">X<\/span><\/td><td>\u00a0<\/td><td>\u00a0<\/td><td><span style=\"font-weight: 400;\">X<\/span><\/td><td>\u00a0<\/td><td>\u00a0<\/td><td><span style=\"font-weight: 400;\">X<\/span><\/td><td>\u00a0<\/td><td>\u00a0<\/td><\/tr><tr><td><span style=\"font-weight: 400;\">Destinos menos conocidos (\u201cfuera de los caminos habituales\u201d)<\/span><\/td><td>\u00a0<\/td><td>\u00a0<\/td><td><span style=\"font-weight: 400;\">X<\/span><\/td><td><span style=\"font-weight: 400;\">X<\/span><\/td><td>\u00a0<\/td><td>\u00a0<\/td><td><span style=\"font-weight: 400;\">X<\/span><\/td><td>\u00a0<\/td><td>\u00a0<\/td><td><span style=\"font-weight: 400;\">X<\/span><\/td><\/tr><tr><td><span style=\"font-weight: 400;\">Aficionados a la historia<\/span><\/td><td><span style=\"font-weight: 400;\">X<\/span><\/td><td><span style=\"font-weight: 400;\">X<\/span><\/td><td>\u00a0<\/td><td>\u00a0<\/td><td>\u00a0<\/td><td>\u00a0<\/td><td>\u00a0<\/td><td><span style=\"font-weight: 400;\">X<\/span><\/td><td><span style=\"font-weight: 400;\">X<\/span><\/td><td>\u00a0<\/td><\/tr><tr><td><span style=\"font-weight: 400;\">Tranquilidad\u00a0<\/span><\/td><td><span style=\"font-weight: 400;\">X<\/span><\/td><td>\u00a0<\/td><td><span style=\"font-weight: 400;\">X<\/span><\/td><td><span style=\"font-weight: 400;\">X<\/span><\/td><td>\u00a0<\/td><td>\u00a0<\/td><td><span style=\"font-weight: 400;\">X<\/span><\/td><td>\u00a0<\/td><td>\u00a0<\/td><td><span style=\"font-weight: 400;\">X<\/span><\/td><\/tr><tr><td><span style=\"font-weight: 400;\">Sabores t\u00edpicos<\/span><\/td><td><span style=\"font-weight: 400;\">X<\/span><\/td><td>\u00a0<\/td><td><span style=\"font-weight: 400;\">X<\/span><\/td><td>\u00a0<\/td><td>\u00a0<\/td><td>\u00a0<\/td><td>\u00a0<\/td><td><span style=\"font-weight: 400;\">X<\/span><\/td><td><span style=\"font-weight: 400;\">X<\/span><\/td><td>\u00a0<\/td><\/tr><\/tbody><\/table><p><span style=\"font-weight: 400;\">Si tienes alguna duda adicional o si te gustar\u00eda recibir orientaci\u00f3n m\u00e1s espec\u00edfica sobre viajar en Cabo Verde, no dudes en ponerte en contacto con nosotros.<\/span><\/p><\/div>\t\t\t\t\t\t<\/div>\n\t\t\t\t<\/div>\n\t\t\t\t\t<\/div>\n\t\t<\/div>\n\t\t\t\t\t\t\t<\/div>\n\t\t<\/section>\n\t\t\t\t\t\t\t<\/div>","protected":false},"excerpt":{"rendered":"<p>A menudo nos preguntan: \"\u00bfCu\u00e1l es la mejor isla para visitar en Cabo Verde?\". Es imposible dar una respuesta simplista a esta pregunta, ya que depende mucho del perfil de la persona y de lo que quiera hacer durante un viaje al archipi\u00e9lago de Cabo Verde. Algunas caracter\u00edsticas son comunes a todas las islas, como la morabeza [...]<\/p>","protected":false},"author":1,"featured_media":1805,"comment_status":"open","ping_status":"open","sticky":false,"template":"","format":"standard","meta":{"footnotes":""},"categories":[24],"tags":[],"class_list":["post-658","post","type-post","status-publish","format-standard","has-post-thumbnail","hentry","category-blog"],"_links":{"self":[{"href":"https:\/\/feelcaboverde.com\/es\/wp-json\/wp\/v2\/posts\/658","targetHints":{"allow":["GET"]}}],"collection":[{"href":"https:\/\/feelcaboverde.com\/es\/wp-json\/wp\/v2\/posts"}],"about":[{"href":"https:\/\/feelcaboverde.com\/es\/wp-json\/wp\/v2\/types\/post"}],"author":[{"embeddable":true,"href":"https:\/\/feelcaboverde.com\/es\/wp-json\/wp\/v2\/users\/1"}],"replies":[{"embeddable":true,"href":"https:\/\/feelcaboverde.com\/es\/wp-json\/wp\/v2\/comments?post=658"}],"version-history":[{"count":102,"href":"https:\/\/feelcaboverde.com\/es\/wp-json\/wp\/v2\/posts\/658\/revisions"}],"predecessor-version":[{"id":5643,"href":"https:\/\/feelcaboverde.com\/es\/wp-json\/wp\/v2\/posts\/658\/revisions\/5643"}],"wp:featuredmedia":[{"embeddable":true,"href":"https:\/\/feelcaboverde.com\/es\/wp-json\/wp\/v2\/media\/1805"}],"wp:attachment":[{"href":"https:\/\/feelcaboverde.com\/es\/wp-json\/wp\/v2\/media?parent=658"}],"wp:term":[{"taxonomy":"category","embeddable":true,"href":"https:\/\/feelcaboverde.com\/es\/wp-json\/wp\/v2\/categories?post=658"},{"taxonomy":"post_tag","embeddable":true,"href":"https:\/\/feelcaboverde.com\/es\/wp-json\/wp\/v2\/tags?post=658"}],"curies":[{"name":"wp","href":"https:\/\/api.w.org\/{rel}","templated":true}]}}